{"id":20041,"date":"2025-10-19T14:52:27","date_gmt":"2025-10-19T17:52:27","guid":{"rendered":"https:\/\/www.miguelfaccio.com.br\/blog\/?p=20041"},"modified":"2025-10-19T14:52:29","modified_gmt":"2025-10-19T17:52:29","slug":"plv4371-livro-28-diario-09-05-2023","status":"publish","type":"post","link":"https:\/\/www.miguelfaccio.com.br\/blog\/index.php\/plv4371-livro-28-diario-09-05-2023\/","title":{"rendered":"PLV4371 \u2013 Livro 28 \u2013 Di\u00e1rio, 09\/05\/2023"},"content":{"rendered":"\n<p class=\"has-text-align-right\"><strong>09\/05\/2023<\/strong><\/p>\n\n\n\n<p>Todos s\u00e3o filhos de Deus. Todos s\u00e3o uma part\u00edcula da energia Divina. Ao menos os humanos iniciamos nossa individualidade consciente na plena simplicidade e ignor\u00e2ncia. Tudo aquilo que eu esp\u00edrito sou, se deve a minha labuta, busca e absor\u00e7\u00e3o dos conhecimentos. Como se diz em bom portugu\u00eas, n\u00e3o fica devendo nada a ningu\u00e9m. Mesmo que tenham posto um trator para me puxar, se eu n\u00e3o quiser, n\u00e3o optar por acompanhar, de nada adiantar\u00e1. Portanto: sou o que sou por minha vontade, minha escolha e busca. Isso \u00e9 condi\u00e7\u00e3o do esp\u00edrito. O corpo sempre vai representar um aparelho que o esp\u00edrito usa para suas necessidades, sejam quais forem. Tanto pode ser um para resgatar carmas, como pode ser para acelerar caminhos na pr\u00f3pria ci\u00eancia dos homens, como tamb\u00e9m para auxiliar o pr\u00f3prio esp\u00edrito na experiencia\u00e7\u00e3o e conquista de conhecimentos para impulsionar sua evolu\u00e7\u00e3o. Quando estiver a um certo n\u00edvel evolutivo, ent\u00e3o, seu companheiro terr\u00e1queo estar\u00e1 em condi\u00e7\u00f5es tamb\u00e9m de acompanhar seu esp\u00edrito, fazendo com ele a ascens\u00e3o. \u00c9 claro que n\u00e3o ser\u00e1 como a de Jesus, esta, foi para mostrar \u00e0 humanidade a sequ\u00eancia do desenvolvimento espiritual do ser humano, que estar\u00e1 sempre esperando a chegada deste momento porque, ser\u00e1 a gl\u00f3ria da mat\u00e9ria que auxiliou o esp\u00edrito a evoluir. Ser\u00e1 o c\u00e9u, n\u00e3o somente para o esp\u00edrito, mas para o corpo tamb\u00e9m. Quantos j\u00e1 poderiam fazer isso se fossem mais atentos \u00e0s intui\u00e7\u00f5es de seu esp\u00edrito.<\/p>\n","protected":false},"excerpt":{"rendered":"<p>09\/05\/2023 Todos s\u00e3o filhos de Deus. Todos s\u00e3o uma part\u00edcula da energia Divina. Ao menos os humanos iniciamos nossa individualidade consciente na plena simplicidade e ignor\u00e2ncia. Tudo aquilo que eu esp\u00edrito sou, se deve a minha labuta, busca e absor\u00e7\u00e3o dos conhecimentos. Como se diz em bom portugu\u00eas, n\u00e3o fica devendo nada a ningu\u00e9m. Mesmo [&hellip;]<\/p>\n","protected":false},"author":1,"featured_media":0,"comment_status":"open","ping_status":"open","sticky":false,"template":"","format":"standard","meta":{"_mi_skip_tracking":false},"categories":[34],"tags":[],"_links":{"self":[{"href":"https:\/\/www.miguelfaccio.com.br\/blog\/index.php\/wp-json\/wp\/v2\/posts\/20041"}],"collection":[{"href":"https:\/\/www.miguelfaccio.com.br\/blog\/index.php\/wp-json\/wp\/v2\/posts"}],"about":[{"href":"https:\/\/www.miguelfaccio.com.br\/blog\/index.php\/wp-json\/wp\/v2\/types\/post"}],"author":[{"embeddable":true,"href":"https:\/\/www.miguelfaccio.com.br\/blog\/index.php\/wp-json\/wp\/v2\/users\/1"}],"replies":[{"embeddable":true,"href":"https:\/\/www.miguelfaccio.com.br\/blog\/index.php\/wp-json\/wp\/v2\/comments?post=20041"}],"version-history":[{"count":1,"href":"https:\/\/www.miguelfaccio.com.br\/blog\/index.php\/wp-json\/wp\/v2\/posts\/20041\/revisions"}],"predecessor-version":[{"id":20042,"href":"https:\/\/www.miguelfaccio.com.br\/blog\/index.php\/wp-json\/wp\/v2\/posts\/20041\/revisions\/20042"}],"wp:attachment":[{"href":"https:\/\/www.miguelfaccio.com.br\/blog\/index.php\/wp-json\/wp\/v2\/media?parent=20041"}],"wp:term":[{"taxonomy":"category","embeddable":true,"href":"https:\/\/www.miguelfaccio.com.br\/blog\/index.php\/wp-json\/wp\/v2\/categories?post=20041"},{"taxonomy":"post_tag","embeddable":true,"href":"https:\/\/www.miguelfaccio.com.br\/blog\/index.php\/wp-json\/wp\/v2\/tags?post=20041"}],"curies":[{"name":"wp","href":"https:\/\/api.w.org\/{rel}","templated":true}]}}