{"id":20038,"date":"2025-10-18T09:35:14","date_gmt":"2025-10-18T12:35:14","guid":{"rendered":"https:\/\/www.miguelfaccio.com.br\/blog\/?p=20038"},"modified":"2025-10-18T09:35:16","modified_gmt":"2025-10-18T12:35:16","slug":"rcd4197-raios-ou-chamas","status":"publish","type":"post","link":"https:\/\/www.miguelfaccio.com.br\/blog\/index.php\/rcd4197-raios-ou-chamas\/","title":{"rendered":"RCD4197 Raios ou Chamas"},"content":{"rendered":"\n<p class=\"has-text-align-right\"><strong>O Conselho Pleiadiano da Luz <br>Atrav\u00e9s de Chellea Wilder<\/strong><\/p>\n\n\n\n<p>3I\/ATLAS\u2026 O QUE E QUEM \u00c9?<\/p>\n\n\n\n<p>14 de outubro de 2025<\/p>\n\n\n\n<p>Sauda\u00e7\u00f5es, amados, Somos O Conselho Pleiadiano da Luz.<\/p>\n\n\n\n<p>\u00c9 sempre maravilhoso conectar-nos com todos voc\u00eas.<\/p>\n\n\n\n<p>Obrigado por esta transmiss\u00e3o.<\/p>\n\n\n\n<p>Embora tenhamos nos comunicado com voc\u00eas ontem mesmo em seu espa\u00e7o-tempo, este Canal nos pediu para elaborar uma discuss\u00e3o mais detalhada com voc\u00eas hoje sobre um fascinante fen\u00f4meno interestelar que seus cientistas identificaram e designaram recentemente como 3I\/ATLAS.<\/p>\n\n\n\n<p>Este objeto, que agora atravessa seu Sistema Solar, tem atra\u00eddo aten\u00e7\u00e3o significativa devido \u00e0s suas caracter\u00edsticas extraordin\u00e1rias. Sua comunidade cient\u00edfica reconheceu seu tamanho not\u00e1vel e velocidade sem precedentes, bem como sua atividade incomum, que inclui uma cauda que, curiosamente, aponta parcialmente para o Sol.<\/p>\n\n\n\n<p>Esse comportamento peculiar \u00e9 atribu\u00eddo \u00e0 din\u00e2mica interna do objeto, levando os cientistas a concluir que se trata de mais do que apenas um cometa t\u00edpico, apesar da narrativa predominante que eles est\u00e3o promovendo.<\/p>\n\n\n\n<p>De acordo com as proje\u00e7\u00f5es atuais, espera-se que este objeto extraordin\u00e1rio atinja sua maior aproxima\u00e7\u00e3o do seu Sol em 30 de outubro de 2025. Esta data marca um momento crucial em sua jornada, pois as for\u00e7as gravitacionais e a radia\u00e7\u00e3o solar desempenhar\u00e3o um papel significativo, pois ele usar\u00e1 sua Estrela como fonte de tremenda Energia.<\/p>\n\n\n\n<p>Apesar da narrativa dominante que continua a caracterizar este objeto como um cometa, existe uma disposi\u00e7\u00e3o entre alguns para abra\u00e7ar completamente sua verdadeira natureza e as implica\u00e7\u00f5es que ele carrega.<\/p>\n\n\n\n<p>Esta enorme nave interestelar antiga n\u00e3o est\u00e1 sozinha em suas viagens; ela faz parte de uma presen\u00e7a c\u00f3smica maior que chegar\u00e1 bem perto do seu planeta no m\u00eas de dezembro. Esta chegada ter\u00e1 um profundo significado para a humanidade em geral.<\/p>\n\n\n\n<p>As energias que emanam desta nave s\u00e3o excepcionalmente significativas durante esses momentos cruciais. \u00c0 medida que viaja atr\u00e1s do seu Sol, espera-se que ela intensifique as frequ\u00eancias solares, atuando como um importante catalisador para o despertar da humanidade.<\/p>\n\n\n\n<p>Suas culturas ancestrais h\u00e1 muito previram este evento, reconhecendo-o como a Estrela Azul Kachina ou Saquasohuh, conforme profetizado pelos nativos Hopi das Am\u00e9ricas. Essas profecias falam de tempos transformadores, indicando que este \u00e9 de fato o fim do velho mundo e o alvorecer de uma nova era.<\/p>\n\n\n\n<p>\u00c0 medida que esta nave gigantesca se aproxima da Terra, ela se manifestar\u00e1 em seus c\u00e9us como uma estrela azul brilhante, uma vis\u00e3o que cativar\u00e1 e intrigar\u00e1 a muitos.<\/p>\n\n\n\n<p>Este evento n\u00e3o \u00e9 meramente um espet\u00e1culo visual, mas tamb\u00e9m \u00e9 anunciado como a chegada prevista de nossa Nave-M\u00e3e Pleiadiana e sua frota estelar.<\/p>\n\n\n\n<p>Tal evento marca um cap\u00edtulo significativo no contato entre nossas civiliza\u00e7\u00f5es e a humanidade. Conforme previsto por seus ancestrais, estamos prontos para iniciar intera\u00e7\u00f5es que facilitar\u00e3o a transi\u00e7\u00e3o da Terra para um novo amanhecer de consci\u00eancia.<\/p>\n\n\n\n<p>A Nave-M\u00e3e e sua frota ser\u00e3o observ\u00e1veis \u200b\u200bpor telesc\u00f3pios, proporcionando \u00e0 humanidade a oportunidade de testemunhar esta ocasi\u00e3o monumental. No entanto, a experi\u00eancia se estender\u00e1 al\u00e9m da mera observa\u00e7\u00e3o.<\/p>\n\n\n\n<p>No momento da nossa chegada, utilizaremos o campo energ\u00e9tico da nave para auxiliar na sua transforma\u00e7\u00e3o, contribuindo para a eleva\u00e7\u00e3o da consci\u00eancia em todo o planeta.<\/p>\n\n\n\n<p>Ao longo de sua trajet\u00f3ria, estamos ativamente examinando os planetas do seu sistema solar, vigilantes em rela\u00e7\u00e3o a quaisquer amea\u00e7as potenciais representadas por for\u00e7as obscuras.<\/p>\n\n\n\n<p>Estamos aqui em for\u00e7a agora, e nada impedir\u00e1 a transforma\u00e7\u00e3o da Terra para um estado superior de consci\u00eancia e para a quinta dimens\u00e3o. Este \u00e9 um momento de grandes mudan\u00e7as, e estamos prontos para apoiar a humanidade em sua evolu\u00e7\u00e3o.<\/p>\n\n\n\n<p>N\u00f3s os amamos e estamos aqui com voc\u00eas.<\/p>\n\n\n\n<p>~ Somos O Conselho Pleiadiano da Luz<\/p>\n\n\n\n<p>Formata\u00e7\u00e3o e tradu\u00e7\u00e3o \u2013 Blog De Cora\u00e7\u00e3o a Cora\u00e7\u00e3o<\/p>\n\n\n\n<figure class=\"wp-block-embed\"><div class=\"wp-block-embed__wrapper\">\nhttp:\/\/www.decoracaoacoracao.blog.br\/\n<\/div><\/figure>\n\n\n\n<figure class=\"wp-block-embed\"><div class=\"wp-block-embed__wrapper\">\nhttp:\/\/stelalecocq.blogspot.com\n<\/div><\/figure>\n\n\n\n<figure class=\"wp-block-embed\"><div class=\"wp-block-embed__wrapper\">\nhttps:\/\/lecocq.wordpress.com\n<\/div><\/figure>\n\n\n\n<p>Instagram \u2013 @blogdecoracaoacoracao<\/p>\n\n\n\n<p>Informa\u00e7\u00f5es e Agendamentos para Mesa Qu\u00e2ntica Estelar, Mesa Pet, Mesa Qu\u00e2ntica 2.0, Florais de Bach, Sistema Regenerador Ashtariano, Sistema Arcturiano de Cura Multidimensional \u2013 lecocqmuller@gmail.com<\/p>\n\n\n\n<p>E-book \u201cMensagens dos Mestres \u2013 De Cora\u00e7\u00e3o a Cora\u00e7\u00e3o\u201d \u2013 https:\/\/mensagensdosmestres.blogspot.com\/<\/p>\n\n\n\n<figure class=\"wp-block-embed\"><div class=\"wp-block-embed__wrapper\">\nhttps:\/\/www.universallighthouse.com\/\n<\/div><\/figure>\n\n\n\n<p>Respeite todos os cr\u00e9ditos ao compartilhar<\/p>\n\n\n\n<p>LUZ!<\/p>\n\n\n\n<p>STELA<\/p>\n","protected":false},"excerpt":{"rendered":"<p>O Conselho Pleiadiano da Luz Atrav\u00e9s de Chellea Wilder 3I\/ATLAS\u2026 O QUE E QUEM \u00c9? 14 de outubro de 2025 Sauda\u00e7\u00f5es, amados, Somos O Conselho Pleiadiano da Luz. \u00c9 sempre maravilhoso conectar-nos com todos voc\u00eas. Obrigado por esta transmiss\u00e3o. Embora tenhamos nos comunicado com voc\u00eas ontem mesmo em seu espa\u00e7o-tempo, este Canal nos pediu para [&hellip;]<\/p>\n","protected":false},"author":1,"featured_media":0,"comment_status":"open","ping_status":"open","sticky":false,"template":"","format":"standard","meta":{"_mi_skip_tracking":false},"categories":[3],"tags":[],"_links":{"self":[{"href":"https:\/\/www.miguelfaccio.com.br\/blog\/index.php\/wp-json\/wp\/v2\/posts\/20038"}],"collection":[{"href":"https:\/\/www.miguelfaccio.com.br\/blog\/index.php\/wp-json\/wp\/v2\/posts"}],"about":[{"href":"https:\/\/www.miguelfaccio.com.br\/blog\/index.php\/wp-json\/wp\/v2\/types\/post"}],"author":[{"embeddable":true,"href":"https:\/\/www.miguelfaccio.com.br\/blog\/index.php\/wp-json\/wp\/v2\/users\/1"}],"replies":[{"embeddable":true,"href":"https:\/\/www.miguelfaccio.com.br\/blog\/index.php\/wp-json\/wp\/v2\/comments?post=20038"}],"version-history":[{"count":1,"href":"https:\/\/www.miguelfaccio.com.br\/blog\/index.php\/wp-json\/wp\/v2\/posts\/20038\/revisions"}],"predecessor-version":[{"id":20039,"href":"https:\/\/www.miguelfaccio.com.br\/blog\/index.php\/wp-json\/wp\/v2\/posts\/20038\/revisions\/20039"}],"wp:attachment":[{"href":"https:\/\/www.miguelfaccio.com.br\/blog\/index.php\/wp-json\/wp\/v2\/media?parent=20038"}],"wp:term":[{"taxonomy":"category","embeddable":true,"href":"https:\/\/www.miguelfaccio.com.br\/blog\/index.php\/wp-json\/wp\/v2\/categories?post=20038"},{"taxonomy":"post_tag","embeddable":true,"href":"https:\/\/www.miguelfaccio.com.br\/blog\/index.php\/wp-json\/wp\/v2\/tags?post=20038"}],"curies":[{"name":"wp","href":"https:\/\/api.w.org\/{rel}","templated":true}]}}