{"id":20032,"date":"2025-10-17T08:48:22","date_gmt":"2025-10-17T11:48:22","guid":{"rendered":"https:\/\/www.miguelfaccio.com.br\/blog\/?p=20032"},"modified":"2025-10-17T08:48:25","modified_gmt":"2025-10-17T11:48:25","slug":"plv4369-livro-28-diario-07-05-2023","status":"publish","type":"post","link":"https:\/\/www.miguelfaccio.com.br\/blog\/index.php\/plv4369-livro-28-diario-07-05-2023\/","title":{"rendered":"PLV4369 \u2013 Livro 28 \u2013 Di\u00e1rio, 07\/05\/2023"},"content":{"rendered":"\n<p class=\"has-text-align-right\"><strong>07\/05\/2023<\/strong><\/p>\n\n\n\n<p>O mundo espiritual corresponde a tudo o que est\u00e1 fora da mat\u00e9ria. Isto \u00e9 chamado de c\u00e9u pelas religi\u00f5es. Neste lugar chamado de mundo espiritual est\u00e3o todos os seres livres da mat\u00e9ria (mortos), mas que s\u00f3 podem apresentar, s\u00f3 podem vivenciar e usufruir aquilo que comporta sua evolu\u00e7\u00e3o. Est\u00e3o ali todas as fases evolutivas, desde as crian\u00e7as espirituais \u2013essas n\u00e3o s\u00e3o esp\u00edritos de crian\u00e7as humanas desencarnadas \u2013 s\u00e3o esses seres que h\u00e1 pouco tempo foram individualizados pelo Deus Uno e, est\u00e3o iniciando sua caminhada evolutiva. H\u00e1 de se entender uma coisa importante, Deus criou a todos os seres simples e ignorantes, tal qual uma crian\u00e7a rec\u00e9m-nascida, e cada um ter\u00e1 que evoluir atrav\u00e9s de seu pr\u00f3prio esfor\u00e7o e vontade. Quando a crian\u00e7a espiritual evolui at\u00e9 come\u00e7ar a criar pelo seu pensamento, ent\u00e3o entra na terceira dimens\u00e3o. Quando a evolu\u00e7\u00e3o alcan\u00e7a par\u00e2metros elevados, estar\u00e1 apto a fazer sua ascens\u00e3o, a obter a sua mestria. O c\u00e9u se apresenta para cada individualidade de acordo com aquilo que conquistou. Quando a conquista \u00e9 elevada, podem tornarem-se os intermedi\u00e1rios dos pedidos dos homens perante o universo, aquilo que chamam de milagre, que n\u00e3o \u00e9 nada mais, nada menos do que a for\u00e7a do pensamento de quem pede acrescida do pensamento do intermedi\u00e1rio, surge ent\u00e3o a cria\u00e7\u00e3o almejada pelo ser humano.<\/p>\n","protected":false},"excerpt":{"rendered":"<p>07\/05\/2023 O mundo espiritual corresponde a tudo o que est\u00e1 fora da mat\u00e9ria. Isto \u00e9 chamado de c\u00e9u pelas religi\u00f5es. Neste lugar chamado de mundo espiritual est\u00e3o todos os seres livres da mat\u00e9ria (mortos), mas que s\u00f3 podem apresentar, s\u00f3 podem vivenciar e usufruir aquilo que comporta sua evolu\u00e7\u00e3o. Est\u00e3o ali todas as fases evolutivas, [&hellip;]<\/p>\n","protected":false},"author":1,"featured_media":0,"comment_status":"open","ping_status":"open","sticky":false,"template":"","format":"standard","meta":{"_mi_skip_tracking":false},"categories":[34],"tags":[],"_links":{"self":[{"href":"https:\/\/www.miguelfaccio.com.br\/blog\/index.php\/wp-json\/wp\/v2\/posts\/20032"}],"collection":[{"href":"https:\/\/www.miguelfaccio.com.br\/blog\/index.php\/wp-json\/wp\/v2\/posts"}],"about":[{"href":"https:\/\/www.miguelfaccio.com.br\/blog\/index.php\/wp-json\/wp\/v2\/types\/post"}],"author":[{"embeddable":true,"href":"https:\/\/www.miguelfaccio.com.br\/blog\/index.php\/wp-json\/wp\/v2\/users\/1"}],"replies":[{"embeddable":true,"href":"https:\/\/www.miguelfaccio.com.br\/blog\/index.php\/wp-json\/wp\/v2\/comments?post=20032"}],"version-history":[{"count":1,"href":"https:\/\/www.miguelfaccio.com.br\/blog\/index.php\/wp-json\/wp\/v2\/posts\/20032\/revisions"}],"predecessor-version":[{"id":20033,"href":"https:\/\/www.miguelfaccio.com.br\/blog\/index.php\/wp-json\/wp\/v2\/posts\/20032\/revisions\/20033"}],"wp:attachment":[{"href":"https:\/\/www.miguelfaccio.com.br\/blog\/index.php\/wp-json\/wp\/v2\/media?parent=20032"}],"wp:term":[{"taxonomy":"category","embeddable":true,"href":"https:\/\/www.miguelfaccio.com.br\/blog\/index.php\/wp-json\/wp\/v2\/categories?post=20032"},{"taxonomy":"post_tag","embeddable":true,"href":"https:\/\/www.miguelfaccio.com.br\/blog\/index.php\/wp-json\/wp\/v2\/tags?post=20032"}],"curies":[{"name":"wp","href":"https:\/\/api.w.org\/{rel}","templated":true}]}}