{"id":20028,"date":"2025-10-16T07:55:35","date_gmt":"2025-10-16T10:55:35","guid":{"rendered":"https:\/\/www.miguelfaccio.com.br\/blog\/?p=20028"},"modified":"2025-10-16T07:55:37","modified_gmt":"2025-10-16T10:55:37","slug":"plv4368-livro-28-diario-06-05-2023","status":"publish","type":"post","link":"https:\/\/www.miguelfaccio.com.br\/blog\/index.php\/plv4368-livro-28-diario-06-05-2023\/","title":{"rendered":"PLV4368 \u2013 Livro 28 \u2013 Di\u00e1rio, 06\/05\/2023"},"content":{"rendered":"\n<p class=\"has-text-align-right\"><strong>06\/05\/2023<\/strong><\/p>\n\n\n\n<p>O desconhecimento daquilo que nos rodeia, o desconhecimento da vida ap\u00f3s a vida, n\u00e3o quer dizer que impe\u00e7a o avan\u00e7o espiritual, aquilo que \u00e9 poss\u00edvel perceber atrav\u00e9s dos olhos do corpo. Alguns j\u00e1 veem com o olho da Alma, mas s\u00e3o poucos. A maioria ter\u00e1 que ver para crer, isto \u00e9, ter entrado na vida ap\u00f3s a vida, ou, seu corpo j\u00e1 ter morrido. Essa \u00e9 a \u00fanica forma com que muit\u00edssimo s\u00f3 conseguir\u00e3o entender o que h\u00e1 do outro lado da mat\u00e9ria. Mesmo, este entendimento \u00e9 proporcional \u00e0 evolu\u00e7\u00e3o do pr\u00f3prio esp\u00edrito. Assim como a carga que cada um pode carregar \u00e9 sempre proporcional \u00e0 sua for\u00e7a. O que h\u00e1 na mat\u00e9ria e o que h\u00e1 do outro lado, somente poder\u00e3o ser intelectualizados de acordo com a evolu\u00e7\u00e3o, especialmente do esp\u00edrito, pois a mat\u00e9ria, o corpo f\u00edsico \u00e9 quase como se fosse a imagem do esp\u00edrito refletida num espelho. \u00c9 uma realidade da qual poucos a percebem. Isso tamb\u00e9m n\u00e3o \u00e9 de primaz import\u00e2ncia, pois tudo depende de seus pensamentos, de suas palavras e de suas obras. Mesmo sem conhecer, dar vida as palavras do Cristo: \u201cama at\u00e9 teus inimigos\u201d. A vida que leva, o bom trato com todos, o zelo e n\u00e3o ferir ningu\u00e9m, ajudando, quando pode, as necessidades de outros. Assim, estar\u00e1 exercendo a melhor evolu\u00e7\u00e3o que em sua condi\u00e7\u00e3o de vida pode apresentar. A melhor condi\u00e7\u00e3o de evoluir \u00e9 vivendo a melhor condi\u00e7\u00e3o da vida que leva.<\/p>\n","protected":false},"excerpt":{"rendered":"<p>06\/05\/2023 O desconhecimento daquilo que nos rodeia, o desconhecimento da vida ap\u00f3s a vida, n\u00e3o quer dizer que impe\u00e7a o avan\u00e7o espiritual, aquilo que \u00e9 poss\u00edvel perceber atrav\u00e9s dos olhos do corpo. Alguns j\u00e1 veem com o olho da Alma, mas s\u00e3o poucos. A maioria ter\u00e1 que ver para crer, isto \u00e9, ter entrado na [&hellip;]<\/p>\n","protected":false},"author":1,"featured_media":0,"comment_status":"open","ping_status":"open","sticky":false,"template":"","format":"standard","meta":{"_mi_skip_tracking":false},"categories":[34],"tags":[],"_links":{"self":[{"href":"https:\/\/www.miguelfaccio.com.br\/blog\/index.php\/wp-json\/wp\/v2\/posts\/20028"}],"collection":[{"href":"https:\/\/www.miguelfaccio.com.br\/blog\/index.php\/wp-json\/wp\/v2\/posts"}],"about":[{"href":"https:\/\/www.miguelfaccio.com.br\/blog\/index.php\/wp-json\/wp\/v2\/types\/post"}],"author":[{"embeddable":true,"href":"https:\/\/www.miguelfaccio.com.br\/blog\/index.php\/wp-json\/wp\/v2\/users\/1"}],"replies":[{"embeddable":true,"href":"https:\/\/www.miguelfaccio.com.br\/blog\/index.php\/wp-json\/wp\/v2\/comments?post=20028"}],"version-history":[{"count":1,"href":"https:\/\/www.miguelfaccio.com.br\/blog\/index.php\/wp-json\/wp\/v2\/posts\/20028\/revisions"}],"predecessor-version":[{"id":20029,"href":"https:\/\/www.miguelfaccio.com.br\/blog\/index.php\/wp-json\/wp\/v2\/posts\/20028\/revisions\/20029"}],"wp:attachment":[{"href":"https:\/\/www.miguelfaccio.com.br\/blog\/index.php\/wp-json\/wp\/v2\/media?parent=20028"}],"wp:term":[{"taxonomy":"category","embeddable":true,"href":"https:\/\/www.miguelfaccio.com.br\/blog\/index.php\/wp-json\/wp\/v2\/categories?post=20028"},{"taxonomy":"post_tag","embeddable":true,"href":"https:\/\/www.miguelfaccio.com.br\/blog\/index.php\/wp-json\/wp\/v2\/tags?post=20028"}],"curies":[{"name":"wp","href":"https:\/\/api.w.org\/{rel}","templated":true}]}}