{"id":20026,"date":"2025-10-15T08:28:28","date_gmt":"2025-10-15T11:28:28","guid":{"rendered":"https:\/\/www.miguelfaccio.com.br\/blog\/?p=20026"},"modified":"2025-10-15T08:28:30","modified_gmt":"2025-10-15T11:28:30","slug":"rcd4194-raios-ou-chamas","status":"publish","type":"post","link":"https:\/\/www.miguelfaccio.com.br\/blog\/index.php\/rcd4194-raios-ou-chamas\/","title":{"rendered":"RCD4194 Raios ou Chamas"},"content":{"rendered":"\n<p class=\"has-text-align-right\"><strong>Mensagem de M\u00e3e Maria <br>Atrav\u00e9s de Jane Ribeiro<\/strong><\/p>\n\n\n\n<p>O PERD\u00c3O CURA<\/p>\n\n\n\n<p>29 de setembro de 2025<\/p>\n\n\n\n<p>Amados filhos,<\/p>\n\n\n\n<p>Que as b\u00ean\u00e7\u00e3os do Amor Tragam Paz Aos Vossos Corpos, mentes e cora\u00e7\u00f5es<\/p>\n\n\n\n<p>O caminho para a manifesta\u00e7\u00e3o do perd\u00e3o se abre para todos os Filhos da Terra.<\/p>\n\n\n\n<p>Perd\u00e3o verdadeiro, perd\u00e3o incondicional, perd\u00e3o que decorre da aceita\u00e7\u00e3o consciente de vossas participa\u00e7\u00f5es em todos os eventos que resultaram na abertura de um profundo fosso entre v\u00f3s e vossos irm\u00e3os.<\/p>\n\n\n\n<p>Perd\u00e3o que dissolve todas as m\u00e1goas, m\u00e1goas que s\u00e3o o produto da manifesta\u00e7\u00e3o do ego\u00edsmo que gera negatividade, perd\u00e3o que dissolve dores e devolve a liberdade de novamente vos levar a agir com discernimento, abrindo o cora\u00e7\u00e3o e estendendo a m\u00e3o, buscando a compreens\u00e3o como forma de dissipar o julgamento.<\/p>\n\n\n\n<p>Este \u00e9 o tempo, amados, de exercitar o perd\u00e3o se quiserdes continuar caminhando sempre em frente na busca de vossa reden\u00e7\u00e3o.<\/p>\n\n\n\n<p>A purifica\u00e7\u00e3o de vossos corpos exige a dissolu\u00e7\u00e3o de todas as m\u00e1goas, dores e ressentimentos, e s\u00f3 o perd\u00e3o tem o poder de vos libertar do peso que carregais pela alimenta\u00e7\u00e3o das mazelas do passado, que teimais em trazer para vosso presente, envenenando vosso momentum e mantendo-vos na energia densa que n\u00e3o vos permite enxergar os novos horizontes dispon\u00edveis para toda a humanidade que busca a liberta\u00e7\u00e3o.<\/p>\n\n\n\n<p>\u00c9 hora, pois, de dar o passo decisivo para limpar o passado, dissolvendo os ressentimentos que vos tem impedido de abrir totalmente vossos cora\u00e7\u00f5es, para seguir lado a lado com aqueles que convosco convivem, na unidade que permite compreender o verdadeiro significado da palavra irm\u00e3o.<\/p>\n\n\n\n<p>Come\u00e7ai por vossas fam\u00edlias resgatando com seus membros a compreens\u00e3o e alimentando vossas rela\u00e7\u00f5es s\u00f3 com amor; segui ent\u00e3o para vossos amigos, por aqueles em que reconheceis a exist\u00eancia de diferen\u00e7as, que ainda vos mant\u00e9m separados na energia da ilus\u00e3o e da disputa; alargai, ent\u00e3o, vossa vis\u00e3o, para abarcar todos os vossos relacionamentos, do presente e do passado, ousando reconhecer aqueles que ainda n\u00e3o est\u00e3o curados, para que as cicatrizes deixadas em vossos corpos se dissolvam definitivamente.<\/p>\n\n\n\n<p>Libertai-vos, amados, exercitando o perd\u00e3o, concluindo assim a purifica\u00e7\u00e3o exigida de v\u00f3s, para que a uni\u00e3o com vossa ess\u00eancia divina vos permita enxergar a vida com os olhos do cora\u00e7\u00e3o, deixando revelar a gratid\u00e3o pelo enorme presente que recebestes de estardes comungando os ideais da luz nesse vosso planeta, nesse momento de transi\u00e7\u00e3o.<\/p>\n\n\n\n<p>Lembrai-vos, pois, que o perd\u00e3o \u00e9 o rem\u00e9dio para todos os males que ainda vos afligem; resgatai, pois, vossa identidade divina e com ela a vossa alegria, pela compreens\u00e3o que s\u00f3 o amor constr\u00f3i, e que de nada adianta continuardes alimentando o rancor por vossos irm\u00e3os e pela vida, eis que o rancor s\u00f3 traz julgamento, e o julgamento vos limita e vos mant\u00e9m na densidade da terceira dimens\u00e3o.<\/p>\n\n\n\n<p>Bem-amados, que vossas ora\u00e7\u00f5es ajudem vossos irm\u00e3os a enxergarem a enorme b\u00ean\u00e7\u00e3o que decorre do exerc\u00edcio efetivo do perd\u00e3o para a eleva\u00e7\u00e3o da vibra\u00e7\u00e3o de suas vidas e da vida de vosso planeta.<\/p>\n\n\n\n<p>Bem-amados, Eu vos deixo agora derramando sobre todos v\u00f3s as minhas b\u00ean\u00e7\u00e3os e envolvendo a todos no meu manto de prote\u00e7\u00e3o.<\/p>\n\n\n\n<p>~ Eu Sou Maria, Vossa M\u00e3e<\/p>\n\n\n\n<p>Formata\u00e7\u00e3o \u2013 Blog De Cora\u00e7\u00e3o a Cora\u00e7\u00e3o<\/p>\n\n\n\n<figure class=\"wp-block-embed\"><div class=\"wp-block-embed__wrapper\">\nhttp:\/\/www.decoracaoacoracao.blog.br\/\n<\/div><\/figure>\n\n\n\n<figure class=\"wp-block-embed\"><div class=\"wp-block-embed__wrapper\">\nhttp:\/\/stelalecocq.blogspot.com\n<\/div><\/figure>\n\n\n\n<figure class=\"wp-block-embed\"><div class=\"wp-block-embed__wrapper\">\nhttps:\/\/lecocq.wordpress.com\n<\/div><\/figure>\n\n\n\n<p>Instagram \u2013 @blogdecoracaoacoracao<\/p>\n\n\n\n<p>Informa\u00e7\u00f5es e Agendamentos para Mesa Qu\u00e2ntica Estelar, Mesa Pet, Mesa Qu\u00e2ntica 2.0, Florais de Bach, Sistema Regenerador Ashtariano, Sistema Arcturiano de Cura Multidimensional \u2013 lecocqmuller@gmail.com<\/p>\n\n\n\n<p>E-book \u201cMensagens dos Mestres \u2013 De Cora\u00e7\u00e3o a Cora\u00e7\u00e3o\u201d \u2013 https:\/\/mensagensdosmestres.blogspot.com\/<\/p>\n\n\n\n<figure class=\"wp-block-embed\"><div class=\"wp-block-embed__wrapper\">\nhttps:\/\/bit.ly\/mensagensmaemaria\n<\/div><\/figure>\n\n\n\n<p>Respeite todos os cr\u00e9ditos ao compartilhar<\/p>\n\n\n\n<p>LUZ!<\/p>\n\n\n\n<p>STELA<\/p>\n","protected":false},"excerpt":{"rendered":"<p>Mensagem de M\u00e3e Maria Atrav\u00e9s de Jane Ribeiro O PERD\u00c3O CURA 29 de setembro de 2025 Amados filhos, Que as b\u00ean\u00e7\u00e3os do Amor Tragam Paz Aos Vossos Corpos, mentes e cora\u00e7\u00f5es O caminho para a manifesta\u00e7\u00e3o do perd\u00e3o se abre para todos os Filhos da Terra. Perd\u00e3o verdadeiro, perd\u00e3o incondicional, perd\u00e3o que decorre da aceita\u00e7\u00e3o [&hellip;]<\/p>\n","protected":false},"author":1,"featured_media":0,"comment_status":"open","ping_status":"open","sticky":false,"template":"","format":"standard","meta":{"_mi_skip_tracking":false},"categories":[3],"tags":[],"_links":{"self":[{"href":"https:\/\/www.miguelfaccio.com.br\/blog\/index.php\/wp-json\/wp\/v2\/posts\/20026"}],"collection":[{"href":"https:\/\/www.miguelfaccio.com.br\/blog\/index.php\/wp-json\/wp\/v2\/posts"}],"about":[{"href":"https:\/\/www.miguelfaccio.com.br\/blog\/index.php\/wp-json\/wp\/v2\/types\/post"}],"author":[{"embeddable":true,"href":"https:\/\/www.miguelfaccio.com.br\/blog\/index.php\/wp-json\/wp\/v2\/users\/1"}],"replies":[{"embeddable":true,"href":"https:\/\/www.miguelfaccio.com.br\/blog\/index.php\/wp-json\/wp\/v2\/comments?post=20026"}],"version-history":[{"count":1,"href":"https:\/\/www.miguelfaccio.com.br\/blog\/index.php\/wp-json\/wp\/v2\/posts\/20026\/revisions"}],"predecessor-version":[{"id":20027,"href":"https:\/\/www.miguelfaccio.com.br\/blog\/index.php\/wp-json\/wp\/v2\/posts\/20026\/revisions\/20027"}],"wp:attachment":[{"href":"https:\/\/www.miguelfaccio.com.br\/blog\/index.php\/wp-json\/wp\/v2\/media?parent=20026"}],"wp:term":[{"taxonomy":"category","embeddable":true,"href":"https:\/\/www.miguelfaccio.com.br\/blog\/index.php\/wp-json\/wp\/v2\/categories?post=20026"},{"taxonomy":"post_tag","embeddable":true,"href":"https:\/\/www.miguelfaccio.com.br\/blog\/index.php\/wp-json\/wp\/v2\/tags?post=20026"}],"curies":[{"name":"wp","href":"https:\/\/api.w.org\/{rel}","templated":true}]}}