{"id":20020,"date":"2025-10-14T09:12:26","date_gmt":"2025-10-14T12:12:26","guid":{"rendered":"https:\/\/www.miguelfaccio.com.br\/blog\/?p=20020"},"modified":"2025-10-14T09:12:28","modified_gmt":"2025-10-14T12:12:28","slug":"plv4366-livro-28-diario-04-05-2023","status":"publish","type":"post","link":"https:\/\/www.miguelfaccio.com.br\/blog\/index.php\/plv4366-livro-28-diario-04-05-2023\/","title":{"rendered":"PLV4366 \u2013 Livro 28 \u2013 Di\u00e1rio, 04\/05\/2023"},"content":{"rendered":"\n<p class=\"has-text-align-right\"><strong>04\/05\/2023<\/strong><\/p>\n\n\n\n<p>O destino de cada um \u00e9 o resultado de sua evolu\u00e7\u00e3o. Apesar de que a humanidade seja uma grande coletividade formada pelos seres de mesma esp\u00e9cie, cada individualidade ter\u00e1 que, trabalhar, lutar, estudar e experienciar os conhecimentos para formar sua evolu\u00e7\u00e3o e consequentemente o seu destino. \u00c9 claro que, numa coletividade, todos se d\u00e3o as m\u00e3os, mas nada acontecer\u00e1 se cada um n\u00e3o fizer sua parte no sentido de sua evolu\u00e7\u00e3o. Nem Deus interfere nas consequ\u00eancias dos pensamentos, das palavras e dos atos dos homens, porque estar\u00e1 interferindo e seu livre-arb\u00edtrio. \u00c9 necess\u00e1rio que cada um crie a estrada que ter\u00e1 que transitar. Isso \u00e9 uma coisa de dif\u00edcil intelectualiza\u00e7\u00e3o pelo ser humano, ele n\u00e3o foi criado para enfrentar o mundo para conquist\u00e1-lo. Foi atirado, isso sim, para que o mundo se servisse dele. Foi criado para ser mimado, e o mundo n\u00e3o passa a m\u00e3o na cabe\u00e7a de ningu\u00e9m, ele simplesmente executa sua parte na cria\u00e7\u00e3o do universo. N\u00e3o pergunta se quer ou n\u00e3o quer. N\u00e3o pergunta se est\u00e1 disposto a fazer ou n\u00e3o. O mundo simplesmente faz a sua parte, doa a quem doer. Quem n\u00e3o tiver a capacidade de seguir o mundo, ser\u00e1 simplesmente esmagado por ele. Muitos pais s\u00e3o os respons\u00e1veis por isso, n\u00e3o deram aos filhos quando crian\u00e7as as bases necess\u00e1rias para estar no mundo, preferiram deix\u00e1-los ser do mundo.<\/p>\n","protected":false},"excerpt":{"rendered":"<p>04\/05\/2023 O destino de cada um \u00e9 o resultado de sua evolu\u00e7\u00e3o. Apesar de que a humanidade seja uma grande coletividade formada pelos seres de mesma esp\u00e9cie, cada individualidade ter\u00e1 que, trabalhar, lutar, estudar e experienciar os conhecimentos para formar sua evolu\u00e7\u00e3o e consequentemente o seu destino. \u00c9 claro que, numa coletividade, todos se d\u00e3o [&hellip;]<\/p>\n","protected":false},"author":1,"featured_media":0,"comment_status":"open","ping_status":"open","sticky":false,"template":"","format":"standard","meta":{"_mi_skip_tracking":false},"categories":[34],"tags":[],"_links":{"self":[{"href":"https:\/\/www.miguelfaccio.com.br\/blog\/index.php\/wp-json\/wp\/v2\/posts\/20020"}],"collection":[{"href":"https:\/\/www.miguelfaccio.com.br\/blog\/index.php\/wp-json\/wp\/v2\/posts"}],"about":[{"href":"https:\/\/www.miguelfaccio.com.br\/blog\/index.php\/wp-json\/wp\/v2\/types\/post"}],"author":[{"embeddable":true,"href":"https:\/\/www.miguelfaccio.com.br\/blog\/index.php\/wp-json\/wp\/v2\/users\/1"}],"replies":[{"embeddable":true,"href":"https:\/\/www.miguelfaccio.com.br\/blog\/index.php\/wp-json\/wp\/v2\/comments?post=20020"}],"version-history":[{"count":1,"href":"https:\/\/www.miguelfaccio.com.br\/blog\/index.php\/wp-json\/wp\/v2\/posts\/20020\/revisions"}],"predecessor-version":[{"id":20021,"href":"https:\/\/www.miguelfaccio.com.br\/blog\/index.php\/wp-json\/wp\/v2\/posts\/20020\/revisions\/20021"}],"wp:attachment":[{"href":"https:\/\/www.miguelfaccio.com.br\/blog\/index.php\/wp-json\/wp\/v2\/media?parent=20020"}],"wp:term":[{"taxonomy":"category","embeddable":true,"href":"https:\/\/www.miguelfaccio.com.br\/blog\/index.php\/wp-json\/wp\/v2\/categories?post=20020"},{"taxonomy":"post_tag","embeddable":true,"href":"https:\/\/www.miguelfaccio.com.br\/blog\/index.php\/wp-json\/wp\/v2\/tags?post=20020"}],"curies":[{"name":"wp","href":"https:\/\/api.w.org\/{rel}","templated":true}]}}