{"id":20014,"date":"2025-10-13T08:18:20","date_gmt":"2025-10-13T11:18:20","guid":{"rendered":"https:\/\/www.miguelfaccio.com.br\/blog\/?p=20014"},"modified":"2025-10-13T08:26:37","modified_gmt":"2025-10-13T11:26:37","slug":"plv42365-livro-28-diario-03-05-2023","status":"publish","type":"post","link":"https:\/\/www.miguelfaccio.com.br\/blog\/index.php\/plv42365-livro-28-diario-03-05-2023\/","title":{"rendered":"PLV4365 \u2013 Livro 28 \u2013 Di\u00e1rio, 03\/05\/2023"},"content":{"rendered":"\n<p class=\"has-text-align-right\"><strong>03\/05\/2023<\/strong><\/p>\n\n\n\n<p>As coisas mais dif\u00edceis que h\u00e1 \u00e9 o consciente exterior (tudo o que passou pelos sentidos, desde o ventre materno), reconhecer que a sua vida, aquilo que lhe acontece, as pedras e espinhos que encontram no caminho, sejam a consequ\u00eancia de seus atos ou dos corpos anteriores do esp\u00edrito. Jesus n\u00e3o poderia mentir, pois ele disse: \u201c<em>A semeadura \u00e9 livre, mas a colheita \u00e9 obrigat\u00f3ria<\/em>\u201d, isso quer dizer que tudo o que o \u201ceu\u201d corpo, porque sou instrumento do esp\u00edrito, fizer, ter\u00e1 que ser colhido. Assim, a colheita \u00e9, com certeza, o ressarcimento dos atos de meu corpo ou de corpos anteriores de meu esp\u00edrito. Para bem da verdade, meu corpo \u00e9 apenas um instrumento de meu esp\u00edrito. Quem tem a vida eterna \u00e9 o esp\u00edrito, e o corpo \u00e9 seu auxiliar por um certo tempo para servir de intermedi\u00e1rio entre a mat\u00e9ria e o mundo espiritual. Para tentar entender um pouco melhor essa situa\u00e7\u00e3o, voc\u00ea tem um carro, pode andar para toda parte. Voc\u00ea precisa ir para uma localidade l\u00e1 no interior e precisa andar por uma estrada cheia de pedras soltas, cheias de buracos e valetas, mas precisa ir l\u00e1. Quem vai sentir as consequ\u00eancias dessa estrada ruim? O carro dever\u00e1 voltar nas mesmas condi\u00e7\u00f5es, mas o motorista, ao voltar, vai ver o mundo girar, tontura, dores pelo corpo, mas vai resolver o motivo de sua ida. Essa \u00e9 a nossa realidade aqui no planeta. Quem sofre as consequ\u00eancias \u00e9 o esp\u00edrito, n\u00e3o o corpo, porque tudo o que est\u00e1 no corpo \u00e9 passado pelo esp\u00edrito.<\/p>\n","protected":false},"excerpt":{"rendered":"<p>03\/05\/2023 As coisas mais dif\u00edceis que h\u00e1 \u00e9 o consciente exterior (tudo o que passou pelos sentidos, desde o ventre materno), reconhecer que a sua vida, aquilo que lhe acontece, as pedras e espinhos que encontram no caminho, sejam a consequ\u00eancia de seus atos ou dos corpos anteriores do esp\u00edrito. Jesus n\u00e3o poderia mentir, pois [&hellip;]<\/p>\n","protected":false},"author":1,"featured_media":0,"comment_status":"open","ping_status":"open","sticky":false,"template":"","format":"standard","meta":{"_mi_skip_tracking":false},"categories":[34],"tags":[],"_links":{"self":[{"href":"https:\/\/www.miguelfaccio.com.br\/blog\/index.php\/wp-json\/wp\/v2\/posts\/20014"}],"collection":[{"href":"https:\/\/www.miguelfaccio.com.br\/blog\/index.php\/wp-json\/wp\/v2\/posts"}],"about":[{"href":"https:\/\/www.miguelfaccio.com.br\/blog\/index.php\/wp-json\/wp\/v2\/types\/post"}],"author":[{"embeddable":true,"href":"https:\/\/www.miguelfaccio.com.br\/blog\/index.php\/wp-json\/wp\/v2\/users\/1"}],"replies":[{"embeddable":true,"href":"https:\/\/www.miguelfaccio.com.br\/blog\/index.php\/wp-json\/wp\/v2\/comments?post=20014"}],"version-history":[{"count":2,"href":"https:\/\/www.miguelfaccio.com.br\/blog\/index.php\/wp-json\/wp\/v2\/posts\/20014\/revisions"}],"predecessor-version":[{"id":20017,"href":"https:\/\/www.miguelfaccio.com.br\/blog\/index.php\/wp-json\/wp\/v2\/posts\/20014\/revisions\/20017"}],"wp:attachment":[{"href":"https:\/\/www.miguelfaccio.com.br\/blog\/index.php\/wp-json\/wp\/v2\/media?parent=20014"}],"wp:term":[{"taxonomy":"category","embeddable":true,"href":"https:\/\/www.miguelfaccio.com.br\/blog\/index.php\/wp-json\/wp\/v2\/categories?post=20014"},{"taxonomy":"post_tag","embeddable":true,"href":"https:\/\/www.miguelfaccio.com.br\/blog\/index.php\/wp-json\/wp\/v2\/tags?post=20014"}],"curies":[{"name":"wp","href":"https:\/\/api.w.org\/{rel}","templated":true}]}}