{"id":20009,"date":"2025-10-12T07:39:12","date_gmt":"2025-10-12T10:39:12","guid":{"rendered":"https:\/\/www.miguelfaccio.com.br\/blog\/?p=20009"},"modified":"2025-10-12T07:39:13","modified_gmt":"2025-10-12T10:39:13","slug":"plv42364-livro-28-diario-02-05-2023","status":"publish","type":"post","link":"https:\/\/www.miguelfaccio.com.br\/blog\/index.php\/plv42364-livro-28-diario-02-05-2023\/","title":{"rendered":"PLV42364 \u2013 Livro 28 \u2013 Di\u00e1rio, 02\/05\/2023"},"content":{"rendered":"\n<p class=\"has-text-align-right\"><strong>02\/05\/2023<\/strong><\/p>\n\n\n\n<p>Quando, participando da Terapia Hol\u00edstica, aplicamos em um desencarnado recente, acontecido em Angra dos Reis, por uma tempestade muito grande que levou pousadas para o mar e este desencarnado l\u00e1 trabalhava, seu corpo havia morrido. Seu esp\u00edrito veio at\u00e9 n\u00f3s pedindo socorro. Como eu j\u00e1 havia trabalhado em um grupo de Apometria, onde se aplicavam os Raios Divinos, a terapeuta disse, Miguel \u00e9 contigo. Com as instru\u00e7\u00f5es necess\u00e1rias, pedi que mentalizasse sobre a cabe\u00e7a uma Chama Violeta, para a limpeza de tudo o que fosse negativo em seu esp\u00edrito e a fizesse descer por todo o corpo. Depois mentalizasse sobre a cabe\u00e7a uma Chama Verde, para sarar, tudo o que estivesse com problema, e, em seguida a Chamar Rosa sobre a cabe\u00e7a se espalhando pelo corpo. O resultado desse ato que prestei a um irm\u00e3o que h\u00e1 pouco seu corpo havia morrido soterrado e sob o mar, causou, no mundo espiritual um efeito fenomenal, tal foi a intensidade que, no mundo espiritual ningu\u00e9m conhecia. Por isso os mestres criaram um projeto para estudar os resultados dessas aplica\u00e7\u00f5es, que chamaram Projeto Expans\u00e3o da Luz. N\u00e3o sei se esse projeto ainda continua funcionando, mas, diariamente reporto-me a ele, especialmente quando escrevo a mensagem do dia. Pelo sim ou pelo n\u00e3o, foi um per\u00edodo de aquisi\u00e7\u00e3o dos conhecimentos relativos a energia, que se pode acrescer atrav\u00e9s do pensamento, sobre os Raios Divinos.<\/p>\n","protected":false},"excerpt":{"rendered":"<p>02\/05\/2023 Quando, participando da Terapia Hol\u00edstica, aplicamos em um desencarnado recente, acontecido em Angra dos Reis, por uma tempestade muito grande que levou pousadas para o mar e este desencarnado l\u00e1 trabalhava, seu corpo havia morrido. Seu esp\u00edrito veio at\u00e9 n\u00f3s pedindo socorro. Como eu j\u00e1 havia trabalhado em um grupo de Apometria, onde se [&hellip;]<\/p>\n","protected":false},"author":1,"featured_media":0,"comment_status":"open","ping_status":"open","sticky":false,"template":"","format":"standard","meta":{"_mi_skip_tracking":false},"categories":[34],"tags":[],"_links":{"self":[{"href":"https:\/\/www.miguelfaccio.com.br\/blog\/index.php\/wp-json\/wp\/v2\/posts\/20009"}],"collection":[{"href":"https:\/\/www.miguelfaccio.com.br\/blog\/index.php\/wp-json\/wp\/v2\/posts"}],"about":[{"href":"https:\/\/www.miguelfaccio.com.br\/blog\/index.php\/wp-json\/wp\/v2\/types\/post"}],"author":[{"embeddable":true,"href":"https:\/\/www.miguelfaccio.com.br\/blog\/index.php\/wp-json\/wp\/v2\/users\/1"}],"replies":[{"embeddable":true,"href":"https:\/\/www.miguelfaccio.com.br\/blog\/index.php\/wp-json\/wp\/v2\/comments?post=20009"}],"version-history":[{"count":1,"href":"https:\/\/www.miguelfaccio.com.br\/blog\/index.php\/wp-json\/wp\/v2\/posts\/20009\/revisions"}],"predecessor-version":[{"id":20010,"href":"https:\/\/www.miguelfaccio.com.br\/blog\/index.php\/wp-json\/wp\/v2\/posts\/20009\/revisions\/20010"}],"wp:attachment":[{"href":"https:\/\/www.miguelfaccio.com.br\/blog\/index.php\/wp-json\/wp\/v2\/media?parent=20009"}],"wp:term":[{"taxonomy":"category","embeddable":true,"href":"https:\/\/www.miguelfaccio.com.br\/blog\/index.php\/wp-json\/wp\/v2\/categories?post=20009"},{"taxonomy":"post_tag","embeddable":true,"href":"https:\/\/www.miguelfaccio.com.br\/blog\/index.php\/wp-json\/wp\/v2\/tags?post=20009"}],"curies":[{"name":"wp","href":"https:\/\/api.w.org\/{rel}","templated":true}]}}