{"id":20003,"date":"2025-10-11T08:11:04","date_gmt":"2025-10-11T11:11:04","guid":{"rendered":"https:\/\/www.miguelfaccio.com.br\/blog\/?p=20003"},"modified":"2025-10-11T08:11:06","modified_gmt":"2025-10-11T11:11:06","slug":"plv42363-livro-28-diario-01-05-2023","status":"publish","type":"post","link":"https:\/\/www.miguelfaccio.com.br\/blog\/index.php\/plv42363-livro-28-diario-01-05-2023\/","title":{"rendered":"PLV42363 \u2013 Livro 28 \u2013 Di\u00e1rio, 01\/05\/2023"},"content":{"rendered":"\n<p class=\"has-text-align-right\"><strong>01\/05\/2023<\/strong><\/p>\n\n\n\n<p>Quanto mais o corpo caminha, na sua trajet\u00f3ria, ligado com seu outro \u201cEU\u201d, o esp\u00edrito, maiores ser\u00e3o os resultados positivos que poder\u00e3o alcan\u00e7ar. O consciente do corpo \u00e9 importante para seu esp\u00edrito, pois o esp\u00edrito desce \u00e0 mat\u00e9ria para que o corpo possa auxili\u00e1-lo a manipular a mat\u00e9ria, experienciando os conhecimentos. Esta sempre \u00e9 a principal labuta do esp\u00edrito em completar o quanto antes, aqueles conhecimentos experienciados e intelectualizados que lhes garante a evolu\u00e7\u00e3o necess\u00e1ria para adquirir a mestria e assim poder ascensionar. Este \u00e9 o objetivo de todo o esp\u00edrito humano ao ser criado. Aquilo que Deus disse a Ad\u00e3o e Eva, \u201c<em>crescei e multiplicai-vos<\/em>\u201d \u00e9 o mando que recebemos, tamb\u00e9m, quando o Deus Uno nos individualizou de uma part\u00edcula sua. O crescer e multiplicar \u00e9 a s\u00edntese de toda a busca do esp\u00edrito que vem buscar num corpo humano a oportunidade de apressar seu desenvolvimento adquirindo assim a evolu\u00e7\u00e3o, saindo do criar e resgatar, da prova e expia\u00e7\u00e3o, conseguindo assim a condi\u00e7\u00e3o de poder atrav\u00e9s de seu pr\u00f3prio pensamento deslocar-se para onde quiser. A evolu\u00e7\u00e3o que nos encaminha \u00e0 mestria, \u00e0 ascens\u00e3o, nos d\u00e1 a condi\u00e7\u00e3o de estar onde estiver nosso pensamento. As dores e sofrimentos quando ainda na terceira dimens\u00e3o, em corpos f\u00edsicos, eram apenas para resgatar, queimar energias esp\u00farias lan\u00e7adas sobre o esp\u00edrito, pelo pr\u00f3prio corpo incapaz de dominar seu pensamento.<\/p>\n","protected":false},"excerpt":{"rendered":"<p>01\/05\/2023 Quanto mais o corpo caminha, na sua trajet\u00f3ria, ligado com seu outro \u201cEU\u201d, o esp\u00edrito, maiores ser\u00e3o os resultados positivos que poder\u00e3o alcan\u00e7ar. O consciente do corpo \u00e9 importante para seu esp\u00edrito, pois o esp\u00edrito desce \u00e0 mat\u00e9ria para que o corpo possa auxili\u00e1-lo a manipular a mat\u00e9ria, experienciando os conhecimentos. Esta sempre \u00e9 [&hellip;]<\/p>\n","protected":false},"author":1,"featured_media":0,"comment_status":"open","ping_status":"open","sticky":false,"template":"","format":"standard","meta":{"_mi_skip_tracking":false},"categories":[34],"tags":[],"_links":{"self":[{"href":"https:\/\/www.miguelfaccio.com.br\/blog\/index.php\/wp-json\/wp\/v2\/posts\/20003"}],"collection":[{"href":"https:\/\/www.miguelfaccio.com.br\/blog\/index.php\/wp-json\/wp\/v2\/posts"}],"about":[{"href":"https:\/\/www.miguelfaccio.com.br\/blog\/index.php\/wp-json\/wp\/v2\/types\/post"}],"author":[{"embeddable":true,"href":"https:\/\/www.miguelfaccio.com.br\/blog\/index.php\/wp-json\/wp\/v2\/users\/1"}],"replies":[{"embeddable":true,"href":"https:\/\/www.miguelfaccio.com.br\/blog\/index.php\/wp-json\/wp\/v2\/comments?post=20003"}],"version-history":[{"count":1,"href":"https:\/\/www.miguelfaccio.com.br\/blog\/index.php\/wp-json\/wp\/v2\/posts\/20003\/revisions"}],"predecessor-version":[{"id":20004,"href":"https:\/\/www.miguelfaccio.com.br\/blog\/index.php\/wp-json\/wp\/v2\/posts\/20003\/revisions\/20004"}],"wp:attachment":[{"href":"https:\/\/www.miguelfaccio.com.br\/blog\/index.php\/wp-json\/wp\/v2\/media?parent=20003"}],"wp:term":[{"taxonomy":"category","embeddable":true,"href":"https:\/\/www.miguelfaccio.com.br\/blog\/index.php\/wp-json\/wp\/v2\/categories?post=20003"},{"taxonomy":"post_tag","embeddable":true,"href":"https:\/\/www.miguelfaccio.com.br\/blog\/index.php\/wp-json\/wp\/v2\/tags?post=20003"}],"curies":[{"name":"wp","href":"https:\/\/api.w.org\/{rel}","templated":true}]}}