{"id":20001,"date":"2025-10-10T08:17:17","date_gmt":"2025-10-10T11:17:17","guid":{"rendered":"https:\/\/www.miguelfaccio.com.br\/blog\/?p=20001"},"modified":"2025-10-10T08:17:19","modified_gmt":"2025-10-10T11:17:19","slug":"rcd4188-raios-ou-chamas","status":"publish","type":"post","link":"https:\/\/www.miguelfaccio.com.br\/blog\/index.php\/rcd4188-raios-ou-chamas\/","title":{"rendered":"RCD4188 Raios ou Chamas"},"content":{"rendered":"\n<p class=\"has-text-align-right\"><strong>KRYON <br>Atrav\u00e9s de Lee Carroll<\/strong><\/p>\n\n\n\n<p>SEU EU SUPERIOR<\/p>\n\n\n\n<p>continua\u00e7\u00e3o<\/p>\n\n\n\n<p>Ent\u00e3o, vamos voltar e estudar, mais uma vez, a multidimensionalidade, exatamente aquilo com que iniciamos esta canaliza\u00e7\u00e3o.<\/p>\n\n\n\n<p>Deixe-me perguntar: o que isso significa para voc\u00ea? O que \u00e9 multidimensionalidade na sua realidade?<\/p>\n\n\n\n<p>Se uma crian\u00e7a chegasse at\u00e9 voc\u00ea e perguntasse: \u201cO que isso significa \u2013 multidimensional\u201d, o que voc\u00ea diria?<\/p>\n\n\n\n<p>A maneira mais f\u00e1cil de visualizar isso, ou mesmo de dizer a uma crian\u00e7a, \u00e9 que as coisas que s\u00e3o reais para voc\u00ea, que voc\u00ea espera, que voc\u00ea pode tocar, com as quais pode trabalhar e que voc\u00ea usa todos os dias, s\u00e3o diferentes quando se trata de se tornarem multidimensionais. Diferentes \u2013 significando que n\u00e3o agem da mesma forma. At\u00e9 mesmo o rel\u00f3gio que voc\u00ea observa, o tempo pode ser diferente em uma multidimensionalidade.<\/p>\n\n\n\n<p>E ent\u00e3o voc\u00ea precisa se acostumar com as coisas, que s\u00e3o diferentes. As coisas n\u00e3o s\u00e3o as mesmas. Mais do que isso, as coisas s\u00e3o estranhas, e a parte estranha \u00e9 que elas n\u00e3o agem corretamente. Elas n\u00e3o agem como voc\u00ea acha que deveriam agir, com base na realidade de que voc\u00ea sempre viveu em tr\u00eas dimens\u00f5es.<\/p>\n\n\n\n<p>Ent\u00e3o, como come\u00e7amos a canaliza\u00e7\u00e3o com isso, agora trazemos isso de novo. Se for esse o caso, onde est\u00e1 o seu Eu Superior hoje?<\/p>\n\n\n\n<p>Tudo acontece ao mesmo tempo. Em um estado multidimensional, tudo acontece ao mesmo tempo. Ent\u00e3o, mesmo a realidade que voc\u00ea pensa ser em 3D, tamb\u00e9m acontece com a realidade em multidimensional. Isso \u00e9 muito confuso, ent\u00e3o vamos simplificar.<\/p>\n\n\n\n<p>Nestes \u00faltimos anos, o v\u00e9u tornou-se mais fino. E em vez de descascar aquela cebola da realidade quando voc\u00ea entra, voc\u00ea tem uma camada muito fina para atravessar e acessar quase tudo o que est\u00e1 do outro lado do v\u00e9u para voc\u00ea, incluindo o seu Eu Superior.<\/p>\n\n\n\n<p>Resposta \u2013 o Eu Superior est\u00e1 dentro de voc\u00ea, sempre esteve. Respostas \u2013 onde ele est\u00e1? Est\u00e1 mais perto de voc\u00ea, dentro de voc\u00ea, do que nunca.<\/p>\n\n\n\n<p>O que isso realmente significa? Em um sentido pr\u00e1tico para voc\u00ea que anda por este planeta, o que significa?<\/p>\n\n\n\n<p>Novamente, para os pensadores esot\u00e9ricos, para aqueles que estudaram metaf\u00edsica e fizeram parte do que voc\u00eas poderiam chamar de consci\u00eancia desperta, eu lhes dou algumas respostas. As ferramentas que voc\u00ea pode usar para todos os tipos de coisas para ajud\u00e1-lo em sua vida s\u00e3o muito mais acess\u00edveis.<\/p>\n\n\n\n<p>O que queremos dizer \u00e9 que se voc\u00ea tivesse que alcan\u00e7ar o outro lado da sala para ir at\u00e9 um kit de ferramentas, ou caminhar at\u00e9 l\u00e1, pegar uma ferramenta, voltar e us\u00e1-la, o kit de ferramentas se aproximou de voc\u00ea. N\u00e3o apenas mais perto de voc\u00ea. O kit de ferramentas agora est\u00e1 dentro de voc\u00ea. Use isto.<\/p>\n\n\n\n<p>Ent\u00e3o, a realidade da sua dimensionalidade permitiu que essas coisas se aproximassem. Ent\u00e3o, aqui est\u00e1 voc\u00ea com um Eu Superior que voc\u00ea pode acessar quase instantaneamente. O que isso significa para voc\u00ea, caminhar por este planeta?<\/p>\n\n\n\n<p>Significa que o que o Eu Superior lhe d\u00e1, como cura, a\u00e7\u00e3o compassiva, todos os tipos do que chamamos de princ\u00edpios do despertar: acender a luz em lugares escuros para que voc\u00ea n\u00e3o pise em buracos, ter intui\u00e7\u00e3o que voc\u00ea pode realmente planejar, manifestar e contar.<\/p>\n\n\n\n<p>continua<\/p>\n","protected":false},"excerpt":{"rendered":"<p>KRYON Atrav\u00e9s de Lee Carroll SEU EU SUPERIOR continua\u00e7\u00e3o Ent\u00e3o, vamos voltar e estudar, mais uma vez, a multidimensionalidade, exatamente aquilo com que iniciamos esta canaliza\u00e7\u00e3o. Deixe-me perguntar: o que isso significa para voc\u00ea? O que \u00e9 multidimensionalidade na sua realidade? Se uma crian\u00e7a chegasse at\u00e9 voc\u00ea e perguntasse: \u201cO que isso significa \u2013 multidimensional\u201d, [&hellip;]<\/p>\n","protected":false},"author":1,"featured_media":0,"comment_status":"open","ping_status":"open","sticky":false,"template":"","format":"standard","meta":{"_mi_skip_tracking":false},"categories":[3],"tags":[],"_links":{"self":[{"href":"https:\/\/www.miguelfaccio.com.br\/blog\/index.php\/wp-json\/wp\/v2\/posts\/20001"}],"collection":[{"href":"https:\/\/www.miguelfaccio.com.br\/blog\/index.php\/wp-json\/wp\/v2\/posts"}],"about":[{"href":"https:\/\/www.miguelfaccio.com.br\/blog\/index.php\/wp-json\/wp\/v2\/types\/post"}],"author":[{"embeddable":true,"href":"https:\/\/www.miguelfaccio.com.br\/blog\/index.php\/wp-json\/wp\/v2\/users\/1"}],"replies":[{"embeddable":true,"href":"https:\/\/www.miguelfaccio.com.br\/blog\/index.php\/wp-json\/wp\/v2\/comments?post=20001"}],"version-history":[{"count":1,"href":"https:\/\/www.miguelfaccio.com.br\/blog\/index.php\/wp-json\/wp\/v2\/posts\/20001\/revisions"}],"predecessor-version":[{"id":20002,"href":"https:\/\/www.miguelfaccio.com.br\/blog\/index.php\/wp-json\/wp\/v2\/posts\/20001\/revisions\/20002"}],"wp:attachment":[{"href":"https:\/\/www.miguelfaccio.com.br\/blog\/index.php\/wp-json\/wp\/v2\/media?parent=20001"}],"wp:term":[{"taxonomy":"category","embeddable":true,"href":"https:\/\/www.miguelfaccio.com.br\/blog\/index.php\/wp-json\/wp\/v2\/categories?post=20001"},{"taxonomy":"post_tag","embeddable":true,"href":"https:\/\/www.miguelfaccio.com.br\/blog\/index.php\/wp-json\/wp\/v2\/tags?post=20001"}],"curies":[{"name":"wp","href":"https:\/\/api.w.org\/{rel}","templated":true}]}}