{"id":19994,"date":"2025-10-09T08:29:31","date_gmt":"2025-10-09T11:29:31","guid":{"rendered":"https:\/\/www.miguelfaccio.com.br\/blog\/?p=19994"},"modified":"2025-10-09T08:29:33","modified_gmt":"2025-10-09T11:29:33","slug":"plv42361-livro-28-diario-29-04-2023","status":"publish","type":"post","link":"https:\/\/www.miguelfaccio.com.br\/blog\/index.php\/plv42361-livro-28-diario-29-04-2023\/","title":{"rendered":"PLV42361 \u2013 Livro 28 \u2013 Di\u00e1rio, 29\/04\/2023"},"content":{"rendered":"\n<p class=\"has-text-align-right\"><strong>29\/04\/2023<\/strong><\/p>\n\n\n\n<p>Na vida, neste corpo f\u00edsico, temos um longo caminho a percorrer. Poucos, no entanto, conseguem completar este caminho. Muitos andam, mas sem saber, sem se dar contas que est\u00e1 na sua obriga\u00e7\u00e3o dar todo esfor\u00e7o, dedica\u00e7\u00e3o e vontade em cumprir este objetivo que, se quer, tem dele conhecimento. Muit\u00edssimos est\u00e3o, no sentido do caminho, sentados \u00e0 beira da estrada, ou, melhor, como son\u00e2mbulos andando, como galinha tonta, de c\u00e1 para l\u00e1 escravizados pela tela de seu celular, sequer levanta a cabe\u00e7a para ver onde est\u00e3o pisando. Esses n\u00e3o vivem a vida, s\u00e3o levados como uma crian\u00e7a de ber\u00e7o, andando com as pr\u00f3prias pernas, para um lugar sem esperan\u00e7a, um lugar sem futuro, um lugar desprovido de m\u00ednimas condi\u00e7\u00f5es de exercer o principal objetivo de sua pr\u00f3pria exist\u00eancia. Estes n\u00e3o criam par\u00e2metro algum para justificar suas atitudes. Est\u00e3o totalmente inconscientes de que seu pensamento, est\u00e1 criando aquilo que o futuro trar\u00e1 para si. O ostracismo, a incapacidade de viver por si s\u00f3, a inabilidade de desvencilhar-se dos engodos que criou para si mesmo. Esta gera\u00e7\u00e3o est\u00e1 fadada a ser como a biruta, comandada pelo vento e incapaz de raciocinar sobre sua situa\u00e7\u00e3o de, na realidade, ser apenas um instrumento do esp\u00edrito, de si mesmo.<\/p>\n","protected":false},"excerpt":{"rendered":"<p>29\/04\/2023 Na vida, neste corpo f\u00edsico, temos um longo caminho a percorrer. Poucos, no entanto, conseguem completar este caminho. Muitos andam, mas sem saber, sem se dar contas que est\u00e1 na sua obriga\u00e7\u00e3o dar todo esfor\u00e7o, dedica\u00e7\u00e3o e vontade em cumprir este objetivo que, se quer, tem dele conhecimento. Muit\u00edssimos est\u00e3o, no sentido do caminho, [&hellip;]<\/p>\n","protected":false},"author":1,"featured_media":0,"comment_status":"open","ping_status":"open","sticky":false,"template":"","format":"standard","meta":{"_mi_skip_tracking":false},"categories":[34],"tags":[],"_links":{"self":[{"href":"https:\/\/www.miguelfaccio.com.br\/blog\/index.php\/wp-json\/wp\/v2\/posts\/19994"}],"collection":[{"href":"https:\/\/www.miguelfaccio.com.br\/blog\/index.php\/wp-json\/wp\/v2\/posts"}],"about":[{"href":"https:\/\/www.miguelfaccio.com.br\/blog\/index.php\/wp-json\/wp\/v2\/types\/post"}],"author":[{"embeddable":true,"href":"https:\/\/www.miguelfaccio.com.br\/blog\/index.php\/wp-json\/wp\/v2\/users\/1"}],"replies":[{"embeddable":true,"href":"https:\/\/www.miguelfaccio.com.br\/blog\/index.php\/wp-json\/wp\/v2\/comments?post=19994"}],"version-history":[{"count":1,"href":"https:\/\/www.miguelfaccio.com.br\/blog\/index.php\/wp-json\/wp\/v2\/posts\/19994\/revisions"}],"predecessor-version":[{"id":19995,"href":"https:\/\/www.miguelfaccio.com.br\/blog\/index.php\/wp-json\/wp\/v2\/posts\/19994\/revisions\/19995"}],"wp:attachment":[{"href":"https:\/\/www.miguelfaccio.com.br\/blog\/index.php\/wp-json\/wp\/v2\/media?parent=19994"}],"wp:term":[{"taxonomy":"category","embeddable":true,"href":"https:\/\/www.miguelfaccio.com.br\/blog\/index.php\/wp-json\/wp\/v2\/categories?post=19994"},{"taxonomy":"post_tag","embeddable":true,"href":"https:\/\/www.miguelfaccio.com.br\/blog\/index.php\/wp-json\/wp\/v2\/tags?post=19994"}],"curies":[{"name":"wp","href":"https:\/\/api.w.org\/{rel}","templated":true}]}}