{"id":19992,"date":"2025-10-08T08:23:17","date_gmt":"2025-10-08T11:23:17","guid":{"rendered":"https:\/\/www.miguelfaccio.com.br\/blog\/?p=19992"},"modified":"2025-10-08T08:23:19","modified_gmt":"2025-10-08T11:23:19","slug":"rcd4186-raios-ou-chamas","status":"publish","type":"post","link":"https:\/\/www.miguelfaccio.com.br\/blog\/index.php\/rcd4186-raios-ou-chamas\/","title":{"rendered":"RCD4186 Raios ou Chamas"},"content":{"rendered":"\n<p class=\"has-text-align-right\"><strong>KRYON <br>Atrav\u00e9s de Lee Carroll<\/strong><\/p>\n\n\n\n<p>SEU EU SUPERIOR<\/p>\n\n\n\n<p>Sauda\u00e7\u00f5es, queridos, Eu Sou Kryon do Servi\u00e7o Magn\u00e9tico.<\/p>\n\n\n\n<p>Onde voc\u00ea acha que reside o seu Eu Superior? Onde est\u00e1 o Eu Superior? Esta \u00e9 uma pergunta para um p\u00fablico metaf\u00edsico, algu\u00e9m que j\u00e1 ouviu o termo muitas vezes.<\/p>\n\n\n\n<p>H\u00e1 aqueles que canalizam, e quando os outros os veem canalizando, dizem: \u201cBem, essa pessoa est\u00e1 canalizando o seu Eu Superior\u201d.<\/p>\n\n\n\n<p>H\u00e1 o reconhecimento de que existe uma parte sagrada do ser humano que possui uma consci\u00eancia superior \u00e0 do ser humano, e que foi rotulada de Eu Superior. Isso tamb\u00e9m levanta a quest\u00e3o: o que \u00e9 esse Eu Superior? Ent\u00e3o, falamos para um p\u00fablico metaf\u00edsico neste momento e dizemos que a dificuldade em responder a isso \u00e9 que depende de onde est\u00e1 a sua consci\u00eancia. Depende mesmo.<\/p>\n\n\n\n<p>Agora, h\u00e1 aqueles que discordariam e diriam: \u201cNa estrutura da alma, do ser humano e de todas as coisas que o comp\u00f5em, h\u00e1 um Eu Superior que reside em X\u201d.<\/p>\n\n\n\n<p>Essa \u00e9 uma estrutura que os seres humanos realmente apreciam, porque assim podem identific\u00e1-la, ter aulas sobre ela, acess\u00e1-la, nome\u00e1-la, fazer o que quiserem, e todas essas coisas est\u00e3o incorretas, na verdade. E a incorre\u00e7\u00e3o, bem, vem do que est\u00e1 acontecendo agora na mudan\u00e7a.<\/p>\n\n\n\n<p>Voc\u00ea deve saber a resposta para esta pergunta sobre o Eu Superior. H\u00e1 algum curador aqui? Voc\u00ea est\u00e1 assistindo? Talvez voc\u00ea seja metaf\u00edsico e tenha tido uma pr\u00e1tica de cura, ou tenha algo metaf\u00edsico.<\/p>\n\n\n\n<p>Voc\u00ea provavelmente, mais do que ningu\u00e9m, est\u00e1 ciente do que est\u00e1 acontecendo nestes \u00faltimos anos, durante esta mudan\u00e7a: as coisas com as quais voc\u00ea contava est\u00e3o se movendo. Algumas se fortaleceram, outras desapareceram. Nisso, voc\u00ea percebe que h\u00e1 uma recalibra\u00e7\u00e3o da alma humana em rela\u00e7\u00e3o ao acesso do ser humano.<\/p>\n\n\n\n<p>Ser humano, sua consci\u00eancia est\u00e1 come\u00e7ando a se elevar, j\u00e1 canalizamos isso antes. \u00c0 medida que essa consci\u00eancia se eleva, a dimensionalidade da realidade tamb\u00e9m se eleva para o ser humano. Voc\u00ea ouviu. Vou repetir. Se voc\u00ea acredita em dimens\u00f5es e quer cont\u00e1-las, pode, mas muitos dizem que voc\u00ea est\u00e1 se movendo para a quinta dimens\u00e3o.<\/p>\n\n\n\n<p>Voc\u00ea j\u00e1 ouviu isso antes. Dissemos que isso n\u00e3o \u00e9 exatamente preciso. Voc\u00ea est\u00e1 se movendo para um estado multidimensional. N\u00e3o importa. A sensa\u00e7\u00e3o \u00e9 a mesma. Ent\u00e3o, voc\u00ea j\u00e1 est\u00e1 a bordo, pois uma mudan\u00e7a est\u00e1 acontecendo e que realmente move sua realidade.<\/p>\n\n\n\n<p>continua<\/p>\n","protected":false},"excerpt":{"rendered":"<p>KRYON Atrav\u00e9s de Lee Carroll SEU EU SUPERIOR Sauda\u00e7\u00f5es, queridos, Eu Sou Kryon do Servi\u00e7o Magn\u00e9tico. Onde voc\u00ea acha que reside o seu Eu Superior? Onde est\u00e1 o Eu Superior? Esta \u00e9 uma pergunta para um p\u00fablico metaf\u00edsico, algu\u00e9m que j\u00e1 ouviu o termo muitas vezes. H\u00e1 aqueles que canalizam, e quando os outros os [&hellip;]<\/p>\n","protected":false},"author":1,"featured_media":0,"comment_status":"open","ping_status":"open","sticky":false,"template":"","format":"standard","meta":{"_mi_skip_tracking":false},"categories":[3],"tags":[],"_links":{"self":[{"href":"https:\/\/www.miguelfaccio.com.br\/blog\/index.php\/wp-json\/wp\/v2\/posts\/19992"}],"collection":[{"href":"https:\/\/www.miguelfaccio.com.br\/blog\/index.php\/wp-json\/wp\/v2\/posts"}],"about":[{"href":"https:\/\/www.miguelfaccio.com.br\/blog\/index.php\/wp-json\/wp\/v2\/types\/post"}],"author":[{"embeddable":true,"href":"https:\/\/www.miguelfaccio.com.br\/blog\/index.php\/wp-json\/wp\/v2\/users\/1"}],"replies":[{"embeddable":true,"href":"https:\/\/www.miguelfaccio.com.br\/blog\/index.php\/wp-json\/wp\/v2\/comments?post=19992"}],"version-history":[{"count":1,"href":"https:\/\/www.miguelfaccio.com.br\/blog\/index.php\/wp-json\/wp\/v2\/posts\/19992\/revisions"}],"predecessor-version":[{"id":19993,"href":"https:\/\/www.miguelfaccio.com.br\/blog\/index.php\/wp-json\/wp\/v2\/posts\/19992\/revisions\/19993"}],"wp:attachment":[{"href":"https:\/\/www.miguelfaccio.com.br\/blog\/index.php\/wp-json\/wp\/v2\/media?parent=19992"}],"wp:term":[{"taxonomy":"category","embeddable":true,"href":"https:\/\/www.miguelfaccio.com.br\/blog\/index.php\/wp-json\/wp\/v2\/categories?post=19992"},{"taxonomy":"post_tag","embeddable":true,"href":"https:\/\/www.miguelfaccio.com.br\/blog\/index.php\/wp-json\/wp\/v2\/tags?post=19992"}],"curies":[{"name":"wp","href":"https:\/\/api.w.org\/{rel}","templated":true}]}}