{"id":19988,"date":"2025-10-07T09:00:12","date_gmt":"2025-10-07T12:00:12","guid":{"rendered":"https:\/\/www.miguelfaccio.com.br\/blog\/?p=19988"},"modified":"2025-10-07T09:00:13","modified_gmt":"2025-10-07T12:00:13","slug":"rcd4185-raios-ou-chamas","status":"publish","type":"post","link":"https:\/\/www.miguelfaccio.com.br\/blog\/index.php\/rcd4185-raios-ou-chamas\/","title":{"rendered":"RCD4185 Raios ou Chamas"},"content":{"rendered":"\n<p class=\"has-text-align-right\"><strong>Mensagem do Universo <br>Atrav\u00e9s de Brenda Hoffman<\/strong><\/p>\n\n\n\n<p>ACABANDO O PODER 3D<\/p>\n\n\n\n<p>06 de outubro de 2025<\/p>\n\n\n\n<p>Queridos,<\/p>\n\n\n\n<p>N\u00f3s, dos Universos, queremos abordar o seu medo predominante de que a vida 3D em que voc\u00ea nasceu nesta vida seja tudo o que existe. Que voc\u00ea n\u00e3o \u00e9 um super alguma coisa; voc\u00ea \u00e9 simplesmente voc\u00ea.<\/p>\n\n\n\n<p>Mesmo que voc\u00ea possa estar se sentindo assim por dentro, sua voz agora \u00e9 mais forte do que voc\u00ea imagina. Sinais de que isso \u00e9 verdade come\u00e7ar\u00e3o a aparecer em pequenas formas esta semana.<\/p>\n\n\n\n<p>Voc\u00ea passou em todos os testes, incluindo aprender a se amar. Agora \u00e9 hora de mostrar as habilidades que conquistou como resultado. Talvez voc\u00ea ainda n\u00e3o consiga imaginar como fazer isso.<\/p>\n\n\n\n<p>Sua aura n\u00e3o est\u00e1 mais a poucos cent\u00edmetros do seu corpo f\u00edsico. O ser em que voc\u00ea se tornou \u00e9 mais profundo e muito mais rico em cores do que quando voc\u00ea estava no seu mundo tridimensional. Voc\u00ea se tornou um farol, de modo que cada palavra que voc\u00ea profere, cada a\u00e7\u00e3o que voc\u00ea demonstra, \u00e9 muito mais not\u00e1vel do que antes.<\/p>\n\n\n\n<p>Outros est\u00e3o come\u00e7ando a se aglomerar \u00e0 sua volta em busca de informa\u00e7\u00f5es e at\u00e9 mesmo de seguran\u00e7a, porque voc\u00ea entende que a dor e o medo dos outros n\u00e3o s\u00e3o mais necess\u00e1rios. E aqueles profundamente imersos na 3D est\u00e3o rapidamente perdendo seu apelo.<\/p>\n\n\n\n<p>\u00c9 como se uma nova luz tivesse se acendido. O que antes era admir\u00e1vel tornou-se aterrorizante para aqueles que fizeram a transi\u00e7\u00e3o e mais assustador do que jamais se imaginou para aqueles que permanecem na 3D.<\/p>\n\n\n\n<p>Estes n\u00e3o s\u00e3o tempos f\u00e1ceis para ningu\u00e9m, especialmente para os da 3D. Voc\u00eas est\u00e3o se adaptando ao seu novo ser, de certa forma, \u00e0 sua nova armadura. Mas os da 3D est\u00e3o com um medo inacredit\u00e1vel. Pois o mundo deles n\u00e3o est\u00e1 apenas perdendo import\u00e2ncia, est\u00e1 se desintegrando.<\/p>\n\n\n\n<p>Nos pr\u00f3ximos dias, haver\u00e1 uma perda do poder da 3D que tem assustado tanto aqueles da 3D quanto aqueles al\u00e9m dela. Semelhante a um valent\u00e3o que percebe que foi espancado e n\u00e3o tem mais controle.<\/p>\n\n\n\n<p>Parecer\u00e1 que os valent\u00f5es se tornaram bal\u00f5es murchos com apenas um gemido de poder, em vez do poder avassalador que alegam. Mesmo que voc\u00ea provavelmente tenha perdido o interesse em suas necessidades de poder 3D, o poder deles esteve em plena exibi\u00e7\u00e3o at\u00e9 esta semana. Agora est\u00e1 desaparecendo.<\/p>\n\n\n\n<p>A realidade de qu\u00e3o fracos os poderosos se tornaram ser\u00e1 notada globalmente.<\/p>\n\n\n\n<p>Ah, haver\u00e1 novos influenciadores 3D que tentar\u00e3o criar a mesma quantidade de medo e ang\u00fastia que voc\u00ea experimentou por eras, mas nunca mais nenhuma figura 3D capturar\u00e1 os cora\u00e7\u00f5es e mentes da maneira que foi exibida nos \u00faltimos anos. Acabou.<\/p>\n\n\n\n<p>A 3D est\u00e1 sumindo nas sombras. As alegrias e risadas al\u00e9m da 3D est\u00e3o apenas come\u00e7ando a se tornar um elemento essencial no seu novo mundo.<\/p>\n\n\n\n<p>O que era n\u00e3o \u00e9 mais.<\/p>\n\n\n\n<p>E apenas espiando na esquina est\u00e1 o que \u00e9.<\/p>\n\n\n\n<p>Voc\u00eas s\u00e3o as novas pot\u00eancias, n\u00e3o do medo e da raiva, mas da alegria, da paz e do riso. Obrigado pela sua dilig\u00eancia cont\u00ednua, apesar dos seus medos pessoais e globais. A luta acabou. Agora sua nova vida come\u00e7a.<\/p>\n\n\n\n<p>Que assim seja.<\/p>\n\n\n\n<p>Am\u00e9m<\/p>\n\n\n\n<p>Formata\u00e7\u00e3o e tradu\u00e7\u00e3o \u2013 Blog De Cora\u00e7\u00e3o a Cora\u00e7\u00e3o<\/p>\n\n\n\n<figure class=\"wp-block-embed\"><div class=\"wp-block-embed__wrapper\">\nhttp:\/\/www.decoracaoacoracao.blog.br\/\n<\/div><\/figure>\n\n\n\n<figure class=\"wp-block-embed\"><div class=\"wp-block-embed__wrapper\">\nhttp:\/\/stelalecocq.blogspot.com\n<\/div><\/figure>\n\n\n\n<figure class=\"wp-block-embed\"><div class=\"wp-block-embed__wrapper\">\nhttps:\/\/lecocq.wordpress.com\n<\/div><\/figure>\n\n\n\n<p>Instagram \u2013 @blogdecoracaoacoracao<\/p>\n\n\n\n<p>Informa\u00e7\u00f5es e Agendamentos para Mesa Qu\u00e2ntica Estelar, Mesa Pet, Mesa Qu\u00e2ntica 2.0, Florais de Bach, Sistema Regenerador Ashtariano, Sistema Arcturiano de Cura Multidimensional \u2013 lecocqmuller@gmail.com<\/p>\n\n\n\n<p>E-book \u201cMensagens dos Mestres \u2013 De Cora\u00e7\u00e3o a Cora\u00e7\u00e3o\u201d \u2013 https:\/\/mensagensdosmestres.blogspot.com\/<\/p>\n\n\n\n<p>Copyright 2009-2025, Brenda Hoffman LifeTapestryCreations.com<\/p>\n\n\n\n<p>Respeite todos os cr\u00e9ditos ao compartilhar<\/p>\n\n\n\n<p>LUZ!<\/p>\n\n\n\n<p>STELA<\/p>\n","protected":false},"excerpt":{"rendered":"<p>Mensagem do Universo Atrav\u00e9s de Brenda Hoffman ACABANDO O PODER 3D 06 de outubro de 2025 Queridos, N\u00f3s, dos Universos, queremos abordar o seu medo predominante de que a vida 3D em que voc\u00ea nasceu nesta vida seja tudo o que existe. Que voc\u00ea n\u00e3o \u00e9 um super alguma coisa; voc\u00ea \u00e9 simplesmente voc\u00ea. Mesmo [&hellip;]<\/p>\n","protected":false},"author":1,"featured_media":0,"comment_status":"open","ping_status":"open","sticky":false,"template":"","format":"standard","meta":{"_mi_skip_tracking":false},"categories":[3],"tags":[],"_links":{"self":[{"href":"https:\/\/www.miguelfaccio.com.br\/blog\/index.php\/wp-json\/wp\/v2\/posts\/19988"}],"collection":[{"href":"https:\/\/www.miguelfaccio.com.br\/blog\/index.php\/wp-json\/wp\/v2\/posts"}],"about":[{"href":"https:\/\/www.miguelfaccio.com.br\/blog\/index.php\/wp-json\/wp\/v2\/types\/post"}],"author":[{"embeddable":true,"href":"https:\/\/www.miguelfaccio.com.br\/blog\/index.php\/wp-json\/wp\/v2\/users\/1"}],"replies":[{"embeddable":true,"href":"https:\/\/www.miguelfaccio.com.br\/blog\/index.php\/wp-json\/wp\/v2\/comments?post=19988"}],"version-history":[{"count":1,"href":"https:\/\/www.miguelfaccio.com.br\/blog\/index.php\/wp-json\/wp\/v2\/posts\/19988\/revisions"}],"predecessor-version":[{"id":19989,"href":"https:\/\/www.miguelfaccio.com.br\/blog\/index.php\/wp-json\/wp\/v2\/posts\/19988\/revisions\/19989"}],"wp:attachment":[{"href":"https:\/\/www.miguelfaccio.com.br\/blog\/index.php\/wp-json\/wp\/v2\/media?parent=19988"}],"wp:term":[{"taxonomy":"category","embeddable":true,"href":"https:\/\/www.miguelfaccio.com.br\/blog\/index.php\/wp-json\/wp\/v2\/categories?post=19988"},{"taxonomy":"post_tag","embeddable":true,"href":"https:\/\/www.miguelfaccio.com.br\/blog\/index.php\/wp-json\/wp\/v2\/tags?post=19988"}],"curies":[{"name":"wp","href":"https:\/\/api.w.org\/{rel}","templated":true}]}}