{"id":19986,"date":"2025-10-07T08:55:01","date_gmt":"2025-10-07T11:55:01","guid":{"rendered":"https:\/\/www.miguelfaccio.com.br\/blog\/?p=19986"},"modified":"2025-10-07T08:55:03","modified_gmt":"2025-10-07T11:55:03","slug":"plv42359-livro-28-diario-27-04-2023","status":"publish","type":"post","link":"https:\/\/www.miguelfaccio.com.br\/blog\/index.php\/plv42359-livro-28-diario-27-04-2023\/","title":{"rendered":"PLV42359 \u2013 Livro 28 \u2013 Di\u00e1rio, 27\/04\/2023"},"content":{"rendered":"\n<p class=\"has-text-align-right\"><strong>27\/04\/2023<\/strong><\/p>\n\n\n\n<p>A caminhada que empreendemos desde nossa cria\u00e7\u00e3o como individualidades conscientes \u00e9 muito longa, na verdade, j\u00e1 se perdeu no tempo. No entanto, muito ainda h\u00e1 para ser andado. Creio que todos t\u00eam a capacidade de an\u00e1lise do que ainda falta para alcan\u00e7ar, no m\u00ednimo, a mestria, aquela posi\u00e7\u00e3o que alcan\u00e7aram os santos, assim considerados na Igreja Cat\u00f3lica. Eles foram seres reais como n\u00f3s o somos. Tiveram que viver uma vida, como n\u00f3s vivemos. O que os diferencia de n\u00f3s, \u00e9 apenas o modo como viveram e como vivemos a nossa. Eles, seus corpos f\u00edsicos, foram capazes de, embora vivendo na mat\u00e9ria, se desligar dela, usando a mat\u00e9ria apenas, como deve ser a realidade, como instrumento para experienciar os conhecimentos e atrav\u00e9s disso evoluir. O esp\u00edrito precisa somente disso, uma mat\u00e9ria, um corpo f\u00edsico, para atrav\u00e9s desse instrumento evoluir. Essa \u00e9 a grande realidade, o corpo \u00e9 apenas um instrumento do esp\u00edrito. Nunca esque\u00e7a, o corpo \u00e9 voc\u00ea, o esp\u00edrito tamb\u00e9m \u00e9 voc\u00ea. Esse voc\u00ea \u00e9 uma dualidade que dura at\u00e9 o momento em que o voc\u00ea esp\u00edrito resolve sair do corpo, e voc\u00ea mat\u00e9ria, corpo f\u00edsico, vai se decompor em suas unidades at\u00f4micas, sobrando deste belo e atl\u00e9tico o corpo somente um amontoado de \u00e1tomos. Esta caminhada do esp\u00edrito atrav\u00e9s de corpos f\u00edsicos s\u00f3 vai tomar o verdadeiro impulso quando ascensionar, a\u00ed, levar\u00e1 junto o seu corpo.<\/p>\n","protected":false},"excerpt":{"rendered":"<p>27\/04\/2023 A caminhada que empreendemos desde nossa cria\u00e7\u00e3o como individualidades conscientes \u00e9 muito longa, na verdade, j\u00e1 se perdeu no tempo. No entanto, muito ainda h\u00e1 para ser andado. Creio que todos t\u00eam a capacidade de an\u00e1lise do que ainda falta para alcan\u00e7ar, no m\u00ednimo, a mestria, aquela posi\u00e7\u00e3o que alcan\u00e7aram os santos, assim considerados [&hellip;]<\/p>\n","protected":false},"author":1,"featured_media":0,"comment_status":"open","ping_status":"open","sticky":false,"template":"","format":"standard","meta":{"_mi_skip_tracking":false},"categories":[34],"tags":[],"_links":{"self":[{"href":"https:\/\/www.miguelfaccio.com.br\/blog\/index.php\/wp-json\/wp\/v2\/posts\/19986"}],"collection":[{"href":"https:\/\/www.miguelfaccio.com.br\/blog\/index.php\/wp-json\/wp\/v2\/posts"}],"about":[{"href":"https:\/\/www.miguelfaccio.com.br\/blog\/index.php\/wp-json\/wp\/v2\/types\/post"}],"author":[{"embeddable":true,"href":"https:\/\/www.miguelfaccio.com.br\/blog\/index.php\/wp-json\/wp\/v2\/users\/1"}],"replies":[{"embeddable":true,"href":"https:\/\/www.miguelfaccio.com.br\/blog\/index.php\/wp-json\/wp\/v2\/comments?post=19986"}],"version-history":[{"count":1,"href":"https:\/\/www.miguelfaccio.com.br\/blog\/index.php\/wp-json\/wp\/v2\/posts\/19986\/revisions"}],"predecessor-version":[{"id":19987,"href":"https:\/\/www.miguelfaccio.com.br\/blog\/index.php\/wp-json\/wp\/v2\/posts\/19986\/revisions\/19987"}],"wp:attachment":[{"href":"https:\/\/www.miguelfaccio.com.br\/blog\/index.php\/wp-json\/wp\/v2\/media?parent=19986"}],"wp:term":[{"taxonomy":"category","embeddable":true,"href":"https:\/\/www.miguelfaccio.com.br\/blog\/index.php\/wp-json\/wp\/v2\/categories?post=19986"},{"taxonomy":"post_tag","embeddable":true,"href":"https:\/\/www.miguelfaccio.com.br\/blog\/index.php\/wp-json\/wp\/v2\/tags?post=19986"}],"curies":[{"name":"wp","href":"https:\/\/api.w.org\/{rel}","templated":true}]}}