{"id":19984,"date":"2025-10-06T08:13:43","date_gmt":"2025-10-06T11:13:43","guid":{"rendered":"https:\/\/www.miguelfaccio.com.br\/blog\/?p=19984"},"modified":"2025-10-06T08:13:46","modified_gmt":"2025-10-06T11:13:46","slug":"rcd4184-raios-ou-chamas","status":"publish","type":"post","link":"https:\/\/www.miguelfaccio.com.br\/blog\/index.php\/rcd4184-raios-ou-chamas\/","title":{"rendered":"RCD4184 Raios ou Chamas"},"content":{"rendered":"\n<p><\/p>\n\n\n\n<p class=\"has-text-align-right\"><strong>Saint Germain <br>Canalizado por Daniel Scranton<\/strong><\/p>\n\n\n\n<p>E QUANTO AOS HUMANOS QUE N\u00c3O EST\u00c3O ENTENDENDO?<\/p>\n\n\n\n<p>21 de setembro de 2025<\/p>\n\n\n\n<p>Eu Sou Saint Germain, Guardi\u00e3o da Chama Violeta.<\/p>\n\n\n\n<p>N\u00f3s, que existimos na d\u00e9cima segunda dimens\u00e3o, sentimos que estamos testemunhando algo especial a\u00ed na Terra neste momento. N\u00f3s, que buscamos servi-los de todas as maneiras que desejamos, queremos que saibam que receber o que precisam \u00e9 suficiente para ajudar todos na Terra a receberem o que precisam receber.<\/p>\n\n\n\n<p>Em outras palavras, voc\u00eas n\u00e3o precisam receber tudo o que todos os outros precisam e depois distribuir entre eles, e n\u00e3o precisam se preocupar se todos os outros est\u00e3o recebendo o que precisam para crescer, se curar ou simplesmente para sobreviver.<\/p>\n\n\n\n<p>Ao dar o exemplo, voc\u00ea est\u00e1 mostrando o que \u00e9 poss\u00edvel, como se faz e que nenhum esfor\u00e7o \u00e9 necess\u00e1rio da parte deles.<\/p>\n\n\n\n<p>Agora, eu recomendo que voc\u00ea veja os outros recebendo o que precisam e querem receber? Sim, claro. Fa\u00e7a isso tamb\u00e9m, mas n\u00e3o assuma isso como sua responsabilidade nem os veja como dependentes de voc\u00ea para isso. \u00c9 muito mais fortalecedor para voc\u00ea v\u00ea-los obtendo o que precisam por conta pr\u00f3pria.<\/p>\n\n\n\n<p>\u00c9 bom que voc\u00ea veja todos como Seres de Energia Fonte que criam o que criam para seus pr\u00f3prios prop\u00f3sitos. E, portanto, voc\u00ea n\u00e3o precisa descobrir por que todos est\u00e3o onde est\u00e3o, nem precisa consert\u00e1-los ou resolver seus problemas.<\/p>\n\n\n\n<p>Voc\u00ea n\u00e3o precisa tornar tudo melhor para ningu\u00e9m. Ao trabalhar no que est\u00e1 bem \u00e0 sua frente em sua vida, voc\u00ea est\u00e1 ajudando todos os outros e ancorando energias que ser\u00e3o sentidas, que se propagar\u00e3o por todo o coletivo do qual voc\u00ea faz parte.<\/p>\n\n\n\n<p>Voc\u00ea est\u00e1 criando os modelos, os projetos, os mapas, e pode ter certeza de que cada uma dessas outras pessoas com quem voc\u00ea compartilha a sua realidade encontrar\u00e1 o que precisa. Elas encontrar\u00e3o em grande parte por causa das migalhas de p\u00e3o que voc\u00ea est\u00e1 deixando, as pistas, as dicas.<\/p>\n\n\n\n<p>Voc\u00eas s\u00e3o os sinalizadores do caminho. Voc\u00eas foram feitos para ir primeiro, para ir \u00e0 frente do grupo e iluminar o caminho. Se voc\u00ea est\u00e1 se preocupando com outras pessoas, onde elas est\u00e3o e se algum dia conseguir\u00e3o, ent\u00e3o voc\u00ea est\u00e1 rebaixando sua vibra\u00e7\u00e3o, e voc\u00ea n\u00e3o quer fazer isso.<\/p>\n\n\n\n<p>Voc\u00ea quer ver todos como mais do que capazes e quer ajudar sempre que puder, mas, novamente, n\u00e3o por um senso de responsabilidade por eles ou por suas vidas, mas porque se sente inspirado a ajudar em um determinado momento.<\/p>\n\n\n\n<p>E, \u00e0s vezes, eles simplesmente pedem, e voc\u00ea fica feliz em ajudar. Todos est\u00e3o onde est\u00e3o porque \u00e9 onde precisam estar para que suas almas tenham a jornada \u00fanica que desejam.<\/p>\n\n\n\n<p>Ent\u00e3o, sim, pode ser desafiador, pode ser uma jornada solit\u00e1ria para aqueles que est\u00e3o despertos, mas voc\u00eas devem ser pacientes com seus semelhantes, pois eles chegar\u00e3o l\u00e1, eles os alcan\u00e7ar\u00e3o.<\/p>\n\n\n\n<p>Eles est\u00e3o se recuperando, e est\u00e3o se recuperando porque a sua realidade sempre refletir\u00e1 o trabalho que voc\u00eas fizeram em si mesmos, os sucessos da sua vida. E eu sei que voc\u00eas vivenciar\u00e3o mais desses sucessos nos pr\u00f3ximos meses e anos. N\u00f3s, que estamos cuidando de todos voc\u00eas, sentimos isso porque sabemos que isso \u00e9 verdade.<\/p>\n\n\n\n<p>~ Eu Sou Saint Germain, Guardi\u00e3o da Chama Violeta<\/p>\n\n\n\n<p>Formata\u00e7\u00e3o e tradu\u00e7\u00e3o \u2013 Blog De Cora\u00e7\u00e3o a Cora\u00e7\u00e3o<\/p>\n\n\n\n<figure class=\"wp-block-embed\"><div class=\"wp-block-embed__wrapper\">\nhttp:\/\/www.decoracaoacoracao.blog.br\/\n<\/div><\/figure>\n\n\n\n<figure class=\"wp-block-embed\"><div class=\"wp-block-embed__wrapper\">\nhttp:\/\/stelalecocq.blogspot.com\n<\/div><\/figure>\n\n\n\n<figure class=\"wp-block-embed\"><div class=\"wp-block-embed__wrapper\">\nhttps:\/\/lecocq.wordpress.com\n<\/div><\/figure>\n\n\n\n<p>Instagram \u2013 @blogdecoracaoacoracao<\/p>\n\n\n\n<p>Informa\u00e7\u00f5es e Agendamentos para Mesa Qu\u00e2ntica Estelar, Mesa Pet, Mesa Qu\u00e2ntica 2.0, Florais de Bach, Sistema Regenerador Ashtariano, Sistema Arcturiano de Cura Multidimensional \u2013 lecocqmuller@gmail.com<\/p>\n\n\n\n<p>E-book \u201cMensagens dos Mestres \u2013 De Cora\u00e7\u00e3o a Cora\u00e7\u00e3o\u201d \u2013 https:\/\/mensagensdosmestres.blogspot.com\/<\/p>\n\n\n\n<figure class=\"wp-block-embed\"><div class=\"wp-block-embed__wrapper\">\nhttps:\/\/danielscranton.com\/\n<\/div><\/figure>\n\n\n\n<p>Respeite todos os cr\u00e9ditos ao compartilhar<\/p>\n\n\n\n<p>LUZ!<\/p>\n\n\n\n<p>STELA<\/p>\n","protected":false},"excerpt":{"rendered":"<p>Saint Germain Canalizado por Daniel Scranton E QUANTO AOS HUMANOS QUE N\u00c3O EST\u00c3O ENTENDENDO? 21 de setembro de 2025 Eu Sou Saint Germain, Guardi\u00e3o da Chama Violeta. N\u00f3s, que existimos na d\u00e9cima segunda dimens\u00e3o, sentimos que estamos testemunhando algo especial a\u00ed na Terra neste momento. N\u00f3s, que buscamos servi-los de todas as maneiras que desejamos, [&hellip;]<\/p>\n","protected":false},"author":1,"featured_media":0,"comment_status":"open","ping_status":"open","sticky":false,"template":"","format":"standard","meta":{"_mi_skip_tracking":false},"categories":[3],"tags":[],"_links":{"self":[{"href":"https:\/\/www.miguelfaccio.com.br\/blog\/index.php\/wp-json\/wp\/v2\/posts\/19984"}],"collection":[{"href":"https:\/\/www.miguelfaccio.com.br\/blog\/index.php\/wp-json\/wp\/v2\/posts"}],"about":[{"href":"https:\/\/www.miguelfaccio.com.br\/blog\/index.php\/wp-json\/wp\/v2\/types\/post"}],"author":[{"embeddable":true,"href":"https:\/\/www.miguelfaccio.com.br\/blog\/index.php\/wp-json\/wp\/v2\/users\/1"}],"replies":[{"embeddable":true,"href":"https:\/\/www.miguelfaccio.com.br\/blog\/index.php\/wp-json\/wp\/v2\/comments?post=19984"}],"version-history":[{"count":1,"href":"https:\/\/www.miguelfaccio.com.br\/blog\/index.php\/wp-json\/wp\/v2\/posts\/19984\/revisions"}],"predecessor-version":[{"id":19985,"href":"https:\/\/www.miguelfaccio.com.br\/blog\/index.php\/wp-json\/wp\/v2\/posts\/19984\/revisions\/19985"}],"wp:attachment":[{"href":"https:\/\/www.miguelfaccio.com.br\/blog\/index.php\/wp-json\/wp\/v2\/media?parent=19984"}],"wp:term":[{"taxonomy":"category","embeddable":true,"href":"https:\/\/www.miguelfaccio.com.br\/blog\/index.php\/wp-json\/wp\/v2\/categories?post=19984"},{"taxonomy":"post_tag","embeddable":true,"href":"https:\/\/www.miguelfaccio.com.br\/blog\/index.php\/wp-json\/wp\/v2\/tags?post=19984"}],"curies":[{"name":"wp","href":"https:\/\/api.w.org\/{rel}","templated":true}]}}