{"id":19982,"date":"2025-10-06T08:10:24","date_gmt":"2025-10-06T11:10:24","guid":{"rendered":"https:\/\/www.miguelfaccio.com.br\/blog\/?p=19982"},"modified":"2025-10-06T08:10:28","modified_gmt":"2025-10-06T11:10:28","slug":"plv42358-livro-28-diario-26-04-2023","status":"publish","type":"post","link":"https:\/\/www.miguelfaccio.com.br\/blog\/index.php\/plv42358-livro-28-diario-26-04-2023\/","title":{"rendered":"PLV42358 \u2013 Livro 28 \u2013 Di\u00e1rio, 26\/04\/2023"},"content":{"rendered":"\n<p class=\"has-text-align-right\"><strong>26\/04\/2023<\/strong><\/p>\n\n\n\n<p>As mudan\u00e7as mais importantes, os seres humanos est\u00e3o deixando para tr\u00e1s. Suas preocupa\u00e7\u00f5es est\u00e3o baseadas somente naquilo que lhe traz satisfa\u00e7\u00e3o e possa ser percebido pelos seus sentidos obtusos. Aquilo que anda consigo, que governa seu corpo lhe d\u00e1 a exist\u00eancia, n\u00e3o \u00e9 percebido e at\u00e9 duvida de sua exist\u00eancia. N\u00e3o conhece a dualidade de que \u00e9 formado. Sequer tem na consci\u00eancia que este ser lhe d\u00e1 tudo o que voc\u00ea possui, a partir da exist\u00eancia do pr\u00f3prio corpo. A possibilidade de respirar, prov\u00e9m deste ser que voc\u00ea desconhece, mas que na realidade \u00e9 voc\u00ea. Aquele voc\u00ea que morre e vai para o cemit\u00e9rio \u00e9 quando o voc\u00ea que desconhece, abandona teu corpo. Teu corpo, o voc\u00ea mat\u00e9ria, tem um tempo limitado de vida. Agora, o voc\u00ea que \u00e9 desconhecido, teu esp\u00edrito, tem uma vida eterna, e vai carregar todos os teus malfeitos sobre suas costas, que s\u00e3o as energias negativas resultantes de teus atos, palavras e pensamentos, e esses malfeitos, voc\u00ea, o esp\u00edrito, vai resgatar em outro corpo. Esta \u00e9 a vida normal que se vive por aqui, na ignor\u00e2ncia de sua pr\u00f3pria exist\u00eancia, de quem \u00e9, da responsabilidade de ser um bom instrumento para o esp\u00edrito. Na ignor\u00e2ncia de que tudo o que voc\u00ea fa\u00e7a \u00e9 feito para ti mesmo. Na ignor\u00e2ncia de que tudo aquilo que voc\u00ea est\u00e1 passando agora, \u00e9 resultado, \u00e9 queima de arquivo, \u00e9 ressarcimento daquilo que os corpos anteriores, que voc\u00ea, esp\u00edrito, teve no passado. N\u00e3o h\u00e1 benef\u00edcios e nem castigos, h\u00e1 a colheita das sementes plantadas.<\/p>\n","protected":false},"excerpt":{"rendered":"<p>26\/04\/2023 As mudan\u00e7as mais importantes, os seres humanos est\u00e3o deixando para tr\u00e1s. Suas preocupa\u00e7\u00f5es est\u00e3o baseadas somente naquilo que lhe traz satisfa\u00e7\u00e3o e possa ser percebido pelos seus sentidos obtusos. Aquilo que anda consigo, que governa seu corpo lhe d\u00e1 a exist\u00eancia, n\u00e3o \u00e9 percebido e at\u00e9 duvida de sua exist\u00eancia. N\u00e3o conhece a dualidade [&hellip;]<\/p>\n","protected":false},"author":1,"featured_media":0,"comment_status":"open","ping_status":"open","sticky":false,"template":"","format":"standard","meta":{"_mi_skip_tracking":false},"categories":[34],"tags":[],"_links":{"self":[{"href":"https:\/\/www.miguelfaccio.com.br\/blog\/index.php\/wp-json\/wp\/v2\/posts\/19982"}],"collection":[{"href":"https:\/\/www.miguelfaccio.com.br\/blog\/index.php\/wp-json\/wp\/v2\/posts"}],"about":[{"href":"https:\/\/www.miguelfaccio.com.br\/blog\/index.php\/wp-json\/wp\/v2\/types\/post"}],"author":[{"embeddable":true,"href":"https:\/\/www.miguelfaccio.com.br\/blog\/index.php\/wp-json\/wp\/v2\/users\/1"}],"replies":[{"embeddable":true,"href":"https:\/\/www.miguelfaccio.com.br\/blog\/index.php\/wp-json\/wp\/v2\/comments?post=19982"}],"version-history":[{"count":1,"href":"https:\/\/www.miguelfaccio.com.br\/blog\/index.php\/wp-json\/wp\/v2\/posts\/19982\/revisions"}],"predecessor-version":[{"id":19983,"href":"https:\/\/www.miguelfaccio.com.br\/blog\/index.php\/wp-json\/wp\/v2\/posts\/19982\/revisions\/19983"}],"wp:attachment":[{"href":"https:\/\/www.miguelfaccio.com.br\/blog\/index.php\/wp-json\/wp\/v2\/media?parent=19982"}],"wp:term":[{"taxonomy":"category","embeddable":true,"href":"https:\/\/www.miguelfaccio.com.br\/blog\/index.php\/wp-json\/wp\/v2\/categories?post=19982"},{"taxonomy":"post_tag","embeddable":true,"href":"https:\/\/www.miguelfaccio.com.br\/blog\/index.php\/wp-json\/wp\/v2\/tags?post=19982"}],"curies":[{"name":"wp","href":"https:\/\/api.w.org\/{rel}","templated":true}]}}