{"id":19980,"date":"2025-10-05T08:17:52","date_gmt":"2025-10-05T11:17:52","guid":{"rendered":"https:\/\/www.miguelfaccio.com.br\/blog\/?p=19980"},"modified":"2025-10-05T08:17:54","modified_gmt":"2025-10-05T11:17:54","slug":"rcd4183-raios-ou-chamas","status":"publish","type":"post","link":"https:\/\/www.miguelfaccio.com.br\/blog\/index.php\/rcd4183-raios-ou-chamas\/","title":{"rendered":"RCD4183 Raios ou Chamas"},"content":{"rendered":"\n<p class=\"has-text-align-right\"><strong>Saint Germain <br>Atrav\u00e9s de Chellea Wilder<\/strong><\/p>\n\n\n\n<p>VOC\u00ca AGORA EST\u00c1 VENDO ATRAV\u00c9S DE TODAS AS ILUS\u00d5ES<\/p>\n\n\n\n<p>continua\u00e7\u00e3o<\/p>\n\n\n\n<p>O despertar da consci\u00eancia \u00e9 uma for\u00e7a poderosa, que n\u00e3o pode ser interrompida ou redirecionada. \u00c9 um movimento em dire\u00e7\u00e3o \u00e0 autenticidade, onde os indiv\u00edduos buscam resgatar suas vozes e sua exist\u00eancia das garras daqueles que buscam silenci\u00e1-los.<\/p>\n\n\n\n<p>Este despertar est\u00e1 a todo vapor, e muitos de voc\u00eas est\u00e3o assumindo seus pap\u00e9is como portadores da verdade, desenterrando as realidades que h\u00e1 muito tempo estavam ocultas. Aqueles que est\u00e3o na vanguarda desta ascens\u00e3o agora est\u00e3o enxergando atrav\u00e9s de todas as ilus\u00f5es.<\/p>\n\n\n\n<p>Voc\u00eas est\u00e3o testemunhando a verdade do que est\u00e1 realmente acontecendo nos bastidores, onde as manipula\u00e7\u00f5es daqueles que est\u00e3o no poder s\u00e3o expostas. Seus olhos est\u00e3o abertos para a verdade real, e \u00e9 essencial observar sem apego.<\/p>\n\n\n\n<p>Ao testemunhar a verdade, voc\u00ea pode contribuir para um futuro mais brilhante e libertador para a humanidade, constru\u00eddo com base na transpar\u00eancia, na compaix\u00e3o e no respeito m\u00fatuo.<\/p>\n\n\n\n<p>Lembre-se de aproveitar esta oportunidade para elevar e empoderar os outros, promovendo um despertar coletivo que pode quebrar os ciclos de manipula\u00e7\u00e3o e divis\u00e3o que persistem h\u00e1 tanto tempo.<\/p>\n\n\n\n<p>Ao fazer isso, voc\u00ea n\u00e3o apenas se liberta, mas tamb\u00e9m inspira aqueles ao seu redor a buscarem suas pr\u00f3prias verdades, criando um efeito cascata que pode transformar comunidades e, em \u00faltima an\u00e1lise, toda a Terra.<\/p>\n\n\n\n<p>Agora compartilho com voc\u00eas a Chama Violeta.<\/p>\n\n\n\n<p>Permita que suas energias curativas e protetoras o envolvam, auxiliando-o nesta transi\u00e7\u00e3o para uma compreens\u00e3o mais elevada. Deixe que ela o auxilie como uma Luz guia, permitindo que voc\u00ea testemunhe a Verdade atrav\u00e9s das Ilus\u00f5es. E que ela o eleve para as Asas do Amor e da Luz do Criador Infinito.<\/p>\n\n\n\n<p>Que a paz e o amor estejam com voc\u00eas.<\/p>\n\n\n\n<p>~ Eu Sou Saint Germain<\/p>\n\n\n\n<p>Formata\u00e7\u00e3o e tradu\u00e7\u00e3o \u2013 Blog De Cora\u00e7\u00e3o a Cora\u00e7\u00e3o<\/p>\n\n\n\n<figure class=\"wp-block-embed\"><div class=\"wp-block-embed__wrapper\">\nhttp:\/\/www.decoracaoacoracao.blog.br\/\n<\/div><\/figure>\n\n\n\n<figure class=\"wp-block-embed\"><div class=\"wp-block-embed__wrapper\">\nhttp:\/\/stelalecocq.blogspot.com\n<\/div><\/figure>\n\n\n\n<figure class=\"wp-block-embed\"><div class=\"wp-block-embed__wrapper\">\nhttps:\/\/lecocq.wordpress.com\n<\/div><\/figure>\n\n\n\n<p>Instagram \u2013 @blogdecoracaoacoracao<\/p>\n\n\n\n<p>Informa\u00e7\u00f5es e Agendamentos para Mesa Qu\u00e2ntica Estelar, Mesa Pet, Mesa Qu\u00e2ntica 2.0, Florais de Bach, Sistema Regenerador Ashtariano, Sistema Arcturiano de Cura Multidimensional \u2013 lecocqmuller@gmail.com<\/p>\n\n\n\n<p>E-book \u201cMensagens dos Mestres \u2013 De Cora\u00e7\u00e3o a Cora\u00e7\u00e3o\u201d \u2013 https:\/\/mensagensdosmestres.blogspot.com\/<\/p>\n\n\n\n<figure class=\"wp-block-embed\"><div class=\"wp-block-embed__wrapper\">\nhttps:\/\/www.universallighthouse.com\n<\/div><\/figure>\n\n\n\n<p>Respeite todos os cr\u00e9ditos ao compartilhar<\/p>\n\n\n\n<p>LUZ!<\/p>\n\n\n\n<p>STELA<\/p>\n","protected":false},"excerpt":{"rendered":"<p>Saint Germain Atrav\u00e9s de Chellea Wilder VOC\u00ca AGORA EST\u00c1 VENDO ATRAV\u00c9S DE TODAS AS ILUS\u00d5ES continua\u00e7\u00e3o O despertar da consci\u00eancia \u00e9 uma for\u00e7a poderosa, que n\u00e3o pode ser interrompida ou redirecionada. \u00c9 um movimento em dire\u00e7\u00e3o \u00e0 autenticidade, onde os indiv\u00edduos buscam resgatar suas vozes e sua exist\u00eancia das garras daqueles que buscam silenci\u00e1-los. Este [&hellip;]<\/p>\n","protected":false},"author":1,"featured_media":0,"comment_status":"open","ping_status":"open","sticky":false,"template":"","format":"standard","meta":{"_mi_skip_tracking":false},"categories":[3],"tags":[],"_links":{"self":[{"href":"https:\/\/www.miguelfaccio.com.br\/blog\/index.php\/wp-json\/wp\/v2\/posts\/19980"}],"collection":[{"href":"https:\/\/www.miguelfaccio.com.br\/blog\/index.php\/wp-json\/wp\/v2\/posts"}],"about":[{"href":"https:\/\/www.miguelfaccio.com.br\/blog\/index.php\/wp-json\/wp\/v2\/types\/post"}],"author":[{"embeddable":true,"href":"https:\/\/www.miguelfaccio.com.br\/blog\/index.php\/wp-json\/wp\/v2\/users\/1"}],"replies":[{"embeddable":true,"href":"https:\/\/www.miguelfaccio.com.br\/blog\/index.php\/wp-json\/wp\/v2\/comments?post=19980"}],"version-history":[{"count":1,"href":"https:\/\/www.miguelfaccio.com.br\/blog\/index.php\/wp-json\/wp\/v2\/posts\/19980\/revisions"}],"predecessor-version":[{"id":19981,"href":"https:\/\/www.miguelfaccio.com.br\/blog\/index.php\/wp-json\/wp\/v2\/posts\/19980\/revisions\/19981"}],"wp:attachment":[{"href":"https:\/\/www.miguelfaccio.com.br\/blog\/index.php\/wp-json\/wp\/v2\/media?parent=19980"}],"wp:term":[{"taxonomy":"category","embeddable":true,"href":"https:\/\/www.miguelfaccio.com.br\/blog\/index.php\/wp-json\/wp\/v2\/categories?post=19980"},{"taxonomy":"post_tag","embeddable":true,"href":"https:\/\/www.miguelfaccio.com.br\/blog\/index.php\/wp-json\/wp\/v2\/tags?post=19980"}],"curies":[{"name":"wp","href":"https:\/\/api.w.org\/{rel}","templated":true}]}}