{"id":19971,"date":"2025-10-04T09:52:49","date_gmt":"2025-10-04T12:52:49","guid":{"rendered":"https:\/\/www.miguelfaccio.com.br\/blog\/?p=19971"},"modified":"2025-10-04T09:52:51","modified_gmt":"2025-10-04T12:52:51","slug":"plv42356-livro-28-diario-24-04-2023","status":"publish","type":"post","link":"https:\/\/www.miguelfaccio.com.br\/blog\/index.php\/plv42356-livro-28-diario-24-04-2023\/","title":{"rendered":"PLV42356 \u2013 Livro 28 \u2013 Di\u00e1rio, 24\/04\/2023"},"content":{"rendered":"\n<p class=\"has-text-align-right\"><strong>24\/04\/2023<\/strong><\/p>\n\n\n\n<p>Estamos andando ao encontro da defini\u00e7\u00e3o de nosso futuro como esp\u00edritos, em busca da perfei\u00e7\u00e3o. A grande maioria talvez nem cogite essa realidade. Depende tudo de n\u00f3s, subirmos para uma energia superior ou ficar mais alguns milh\u00f5es de anos tateando e penando na terceira dimens\u00e3o, isso contados ao tempo da Terra, porque do outro lado, o tempo, propriamente n\u00e3o existe. Por isso \u00e9 t\u00e3o dif\u00edcil aquilatar esse tempo, quando previsto, ditado, falado ou em forma de escrita, com refer\u00eancia a fatos que dizem respeito \u00e0 Terra, porque s\u00e3o par\u00e2metros totalmente diferentes. O tempo que voga do outro lado da vida, \u00e9 o simples agora. D\u00e1 para dizer, o tempo do n\u00e3o tempo. L\u00e1 o tempo n\u00e3o diz nada e n\u00e3o representa nada. O agora sempre representa a situa\u00e7\u00e3o real da energia do esp\u00edrito. Ele somente pode mostrar o que \u00e9, porque a forma como se apresentam os esp\u00edritos \u00e9 somente sua luz. Aqueles que n\u00e3o tiverem condi\u00e7\u00f5es de acompanhar a subida da Terra para a quinta dimens\u00e3o, ser\u00e3o colocados em outro planeta, tendo que refazer sua evolu\u00e7\u00e3o at\u00e9 apresentar energia suficiente para poder sair da terceira dimens\u00e3o. A princ\u00edpio, l\u00e1, o tempo \u00e9 diferente, a evolu\u00e7\u00e3o do planeta, tamb\u00e9m, e n\u00e3o ter\u00e1 condi\u00e7\u00f5es de encontrar aquilo que havia em seu benef\u00edcio aqui na Terra.<\/p>\n","protected":false},"excerpt":{"rendered":"<p>24\/04\/2023 Estamos andando ao encontro da defini\u00e7\u00e3o de nosso futuro como esp\u00edritos, em busca da perfei\u00e7\u00e3o. A grande maioria talvez nem cogite essa realidade. Depende tudo de n\u00f3s, subirmos para uma energia superior ou ficar mais alguns milh\u00f5es de anos tateando e penando na terceira dimens\u00e3o, isso contados ao tempo da Terra, porque do outro [&hellip;]<\/p>\n","protected":false},"author":1,"featured_media":0,"comment_status":"open","ping_status":"open","sticky":false,"template":"","format":"standard","meta":{"_mi_skip_tracking":false},"categories":[34],"tags":[],"_links":{"self":[{"href":"https:\/\/www.miguelfaccio.com.br\/blog\/index.php\/wp-json\/wp\/v2\/posts\/19971"}],"collection":[{"href":"https:\/\/www.miguelfaccio.com.br\/blog\/index.php\/wp-json\/wp\/v2\/posts"}],"about":[{"href":"https:\/\/www.miguelfaccio.com.br\/blog\/index.php\/wp-json\/wp\/v2\/types\/post"}],"author":[{"embeddable":true,"href":"https:\/\/www.miguelfaccio.com.br\/blog\/index.php\/wp-json\/wp\/v2\/users\/1"}],"replies":[{"embeddable":true,"href":"https:\/\/www.miguelfaccio.com.br\/blog\/index.php\/wp-json\/wp\/v2\/comments?post=19971"}],"version-history":[{"count":1,"href":"https:\/\/www.miguelfaccio.com.br\/blog\/index.php\/wp-json\/wp\/v2\/posts\/19971\/revisions"}],"predecessor-version":[{"id":19972,"href":"https:\/\/www.miguelfaccio.com.br\/blog\/index.php\/wp-json\/wp\/v2\/posts\/19971\/revisions\/19972"}],"wp:attachment":[{"href":"https:\/\/www.miguelfaccio.com.br\/blog\/index.php\/wp-json\/wp\/v2\/media?parent=19971"}],"wp:term":[{"taxonomy":"category","embeddable":true,"href":"https:\/\/www.miguelfaccio.com.br\/blog\/index.php\/wp-json\/wp\/v2\/categories?post=19971"},{"taxonomy":"post_tag","embeddable":true,"href":"https:\/\/www.miguelfaccio.com.br\/blog\/index.php\/wp-json\/wp\/v2\/tags?post=19971"}],"curies":[{"name":"wp","href":"https:\/\/api.w.org\/{rel}","templated":true}]}}