{"id":19968,"date":"2025-10-03T08:15:05","date_gmt":"2025-10-03T11:15:05","guid":{"rendered":"https:\/\/www.miguelfaccio.com.br\/blog\/?p=19968"},"modified":"2025-10-03T08:15:07","modified_gmt":"2025-10-03T11:15:07","slug":"rcd4181-raios-ou-chamas","status":"publish","type":"post","link":"https:\/\/www.miguelfaccio.com.br\/blog\/index.php\/rcd4181-raios-ou-chamas\/","title":{"rendered":"RCD4181 Raios ou Chamas"},"content":{"rendered":"\n<p class=\"has-text-align-right\"><strong>Saint Germain <br>Atrav\u00e9s de Chellea Wilder<\/strong><\/p>\n\n\n\n<p>VOC\u00ca AGORA EST\u00c1 VENDO ATRAV\u00c9S DE TODAS AS ILUS\u00d5ES<\/p>\n\n\n\n<p>B\u00ean\u00e7\u00e3os, minha querida Fam\u00edlia Terrestre.<\/p>\n\n\n\n<p>\u00c9 realmente maravilhoso conectar-me com todos voc\u00eas que leem ou ouvem estas mensagens. Obrigado por serem a Luz que vieram \u00e0 Terra para ser.<\/p>\n\n\n\n<p>Ao longo da nossa hist\u00f3ria humana, n\u00f3s, os seus ascendidos, fomos testemunhas honradas e privilegiadas das in\u00fameras ascens\u00f5es e quedas de v\u00e1rios l\u00edderes que deixaram um impacto na estrutura da humanidade de in\u00fameras maneiras.<\/p>\n\n\n\n<p>Esses l\u00edderes, alguns reverenciados e outros vilipendiados, desempenharam pap\u00e9is fundamentais na forma\u00e7\u00e3o de sociedades, culturas e at\u00e9 mesmo no pr\u00f3prio curso da hist\u00f3ria. \u00c9 crucial reconhecer que as li\u00e7\u00f5es do passado muitas vezes passam despercebidas, pois a hist\u00f3ria tende a se repetir.<\/p>\n\n\n\n<p>Essa natureza c\u00edclica dos eventos ocorre em grande parte porque a verdade do que aconteceu \u00e9 frequentemente ocultada ou esquecida, enterrada sob camadas de engano e manipula\u00e7\u00e3o intencional.<\/p>\n\n\n\n<p>Muitos momentos e verdades significativos foram sistematicamente apagados pela devasta\u00e7\u00e3o de guerras, conflitos e pela manipula\u00e7\u00e3o intencional de narrativas hist\u00f3ricas.<\/p>\n\n\n\n<p>Tais altera\u00e7\u00f5es mudaram profundamente a perspectiva humana, direcionando-a para uma agenda ou narrativa escolhida que serve aos interesses daqueles que est\u00e3o no poder.<\/p>\n\n\n\n<p>Voc\u00eas est\u00e3o testemunhando a manifesta\u00e7\u00e3o dessa manipula\u00e7\u00e3o em tempo real, particularmente agora que os Arcontes \u2014 as for\u00e7as que h\u00e1 muito exercem controle sobre a humanidade \u2014 est\u00e3o perdendo o controle. Essa perda de controle significa uma transforma\u00e7\u00e3o fundamental na pr\u00f3pria estrutura de poder que domina a exist\u00eancia humana h\u00e1 s\u00e9culos.<\/p>\n\n\n\n<p>continua<\/p>\n","protected":false},"excerpt":{"rendered":"<p>Saint Germain Atrav\u00e9s de Chellea Wilder VOC\u00ca AGORA EST\u00c1 VENDO ATRAV\u00c9S DE TODAS AS ILUS\u00d5ES B\u00ean\u00e7\u00e3os, minha querida Fam\u00edlia Terrestre. \u00c9 realmente maravilhoso conectar-me com todos voc\u00eas que leem ou ouvem estas mensagens. Obrigado por serem a Luz que vieram \u00e0 Terra para ser. Ao longo da nossa hist\u00f3ria humana, n\u00f3s, os seus ascendidos, fomos [&hellip;]<\/p>\n","protected":false},"author":1,"featured_media":0,"comment_status":"open","ping_status":"open","sticky":false,"template":"","format":"standard","meta":{"_mi_skip_tracking":false},"categories":[3],"tags":[],"_links":{"self":[{"href":"https:\/\/www.miguelfaccio.com.br\/blog\/index.php\/wp-json\/wp\/v2\/posts\/19968"}],"collection":[{"href":"https:\/\/www.miguelfaccio.com.br\/blog\/index.php\/wp-json\/wp\/v2\/posts"}],"about":[{"href":"https:\/\/www.miguelfaccio.com.br\/blog\/index.php\/wp-json\/wp\/v2\/types\/post"}],"author":[{"embeddable":true,"href":"https:\/\/www.miguelfaccio.com.br\/blog\/index.php\/wp-json\/wp\/v2\/users\/1"}],"replies":[{"embeddable":true,"href":"https:\/\/www.miguelfaccio.com.br\/blog\/index.php\/wp-json\/wp\/v2\/comments?post=19968"}],"version-history":[{"count":1,"href":"https:\/\/www.miguelfaccio.com.br\/blog\/index.php\/wp-json\/wp\/v2\/posts\/19968\/revisions"}],"predecessor-version":[{"id":19969,"href":"https:\/\/www.miguelfaccio.com.br\/blog\/index.php\/wp-json\/wp\/v2\/posts\/19968\/revisions\/19969"}],"wp:attachment":[{"href":"https:\/\/www.miguelfaccio.com.br\/blog\/index.php\/wp-json\/wp\/v2\/media?parent=19968"}],"wp:term":[{"taxonomy":"category","embeddable":true,"href":"https:\/\/www.miguelfaccio.com.br\/blog\/index.php\/wp-json\/wp\/v2\/categories?post=19968"},{"taxonomy":"post_tag","embeddable":true,"href":"https:\/\/www.miguelfaccio.com.br\/blog\/index.php\/wp-json\/wp\/v2\/tags?post=19968"}],"curies":[{"name":"wp","href":"https:\/\/api.w.org\/{rel}","templated":true}]}}