{"id":19962,"date":"2025-10-02T13:53:37","date_gmt":"2025-10-02T16:53:37","guid":{"rendered":"https:\/\/www.miguelfaccio.com.br\/blog\/?p=19962"},"modified":"2025-10-02T13:53:39","modified_gmt":"2025-10-02T16:53:39","slug":"plv4234-livro-28-diario-22-04-2023","status":"publish","type":"post","link":"https:\/\/www.miguelfaccio.com.br\/blog\/index.php\/plv4234-livro-28-diario-22-04-2023\/","title":{"rendered":"PLV4234 \u2013 Livro 28 \u2013 Di\u00e1rio, 22\/04\/2023"},"content":{"rendered":"\n<p class=\"has-text-align-right\"><strong>22\/04\/2023<\/strong><\/p>\n\n\n\n<p>Estamos andando h\u00e1 muito tempo nesta roda de sandara. J\u00e1 se perdeu a conta das vezes que descemos \u00e0 mat\u00e9ria e retornamos \u00e0 vida ap\u00f3s a vida. Andou-se, evoluiu-se, \u00e9 claro, mas o ve\u00edculo em que habitamos, muitas vezes, n\u00e3o ouvia, n\u00e3o obedecia, era alheio ao nosso comando, querendo tornar-se dono de sua exist\u00eancia. A civiliza\u00e7\u00e3o local tamb\u00e9m n\u00e3o ajudava, andava mais como caranguejo. N\u00e3o conseguia, n\u00e3o se preocupava em buscar a evolu\u00e7\u00e3o como coletividade e muito menos incentivava as individualidades a dedicarem-se ao seu aperfei\u00e7oamento. Talvez, at\u00e9, em sua grande maioria descresse da exist\u00eancia do esp\u00edrito essa energia que busca em um corpo f\u00edsico a oportunidade de experienciar os conhecimentos, que \u00e9 a base de sua evolu\u00e7\u00e3o, descresse tamb\u00e9m da constitui\u00e7\u00e3o da vida, ap\u00f3s o corpo, que esse corpo \u00e9 apenas um ve\u00edculo tempor\u00e1rio que essa energia utiliza para manipular a mat\u00e9ria. Isso tudo auxilia para que a energia, o esp\u00edrito, tenha que andar em passos de lesma em sua evolu\u00e7\u00e3o, apenas pela falta de participa\u00e7\u00e3o de seu ve\u00edculo, o corpo f\u00edsico, nesta sua importante busca de evolu\u00e7\u00e3o. O consciente do corpo tem dificuldade de aceitar que algu\u00e9m esteja mandando em si. Isto \u00e9 o primeiro sinal de que n\u00e3o se considera parte de nenhum bin\u00f4mio, corpo\/esp\u00edrito. Julga-se ser o senhor de tudo, e n\u00e3o titubeia em passar por cima de muitas cabe\u00e7as para reafirmar sua supremacia. N\u00e3o se d\u00e1 contas que isso s\u00f3 dura at\u00e9 que a morte o encontre, e ela pode estar na pr\u00f3xima esquina te aguardando.<\/p>\n","protected":false},"excerpt":{"rendered":"<p>22\/04\/2023 Estamos andando h\u00e1 muito tempo nesta roda de sandara. J\u00e1 se perdeu a conta das vezes que descemos \u00e0 mat\u00e9ria e retornamos \u00e0 vida ap\u00f3s a vida. Andou-se, evoluiu-se, \u00e9 claro, mas o ve\u00edculo em que habitamos, muitas vezes, n\u00e3o ouvia, n\u00e3o obedecia, era alheio ao nosso comando, querendo tornar-se dono de sua exist\u00eancia. [&hellip;]<\/p>\n","protected":false},"author":1,"featured_media":0,"comment_status":"open","ping_status":"open","sticky":false,"template":"","format":"standard","meta":{"_mi_skip_tracking":false},"categories":[34],"tags":[],"_links":{"self":[{"href":"https:\/\/www.miguelfaccio.com.br\/blog\/index.php\/wp-json\/wp\/v2\/posts\/19962"}],"collection":[{"href":"https:\/\/www.miguelfaccio.com.br\/blog\/index.php\/wp-json\/wp\/v2\/posts"}],"about":[{"href":"https:\/\/www.miguelfaccio.com.br\/blog\/index.php\/wp-json\/wp\/v2\/types\/post"}],"author":[{"embeddable":true,"href":"https:\/\/www.miguelfaccio.com.br\/blog\/index.php\/wp-json\/wp\/v2\/users\/1"}],"replies":[{"embeddable":true,"href":"https:\/\/www.miguelfaccio.com.br\/blog\/index.php\/wp-json\/wp\/v2\/comments?post=19962"}],"version-history":[{"count":1,"href":"https:\/\/www.miguelfaccio.com.br\/blog\/index.php\/wp-json\/wp\/v2\/posts\/19962\/revisions"}],"predecessor-version":[{"id":19963,"href":"https:\/\/www.miguelfaccio.com.br\/blog\/index.php\/wp-json\/wp\/v2\/posts\/19962\/revisions\/19963"}],"wp:attachment":[{"href":"https:\/\/www.miguelfaccio.com.br\/blog\/index.php\/wp-json\/wp\/v2\/media?parent=19962"}],"wp:term":[{"taxonomy":"category","embeddable":true,"href":"https:\/\/www.miguelfaccio.com.br\/blog\/index.php\/wp-json\/wp\/v2\/categories?post=19962"},{"taxonomy":"post_tag","embeddable":true,"href":"https:\/\/www.miguelfaccio.com.br\/blog\/index.php\/wp-json\/wp\/v2\/tags?post=19962"}],"curies":[{"name":"wp","href":"https:\/\/api.w.org\/{rel}","templated":true}]}}