{"id":19958,"date":"2025-10-01T08:14:10","date_gmt":"2025-10-01T11:14:10","guid":{"rendered":"https:\/\/www.miguelfaccio.com.br\/blog\/?p=19958"},"modified":"2025-10-01T08:14:12","modified_gmt":"2025-10-01T11:14:12","slug":"plv4233-livro-28-diario-21-04-2023","status":"publish","type":"post","link":"https:\/\/www.miguelfaccio.com.br\/blog\/index.php\/plv4233-livro-28-diario-21-04-2023\/","title":{"rendered":"PLV4233 \u2013 Livro 28 \u2013 Di\u00e1rio, 21\/04\/2023"},"content":{"rendered":"\n<p class=\"has-text-align-right\"><strong>21\/04\/2023<\/strong><\/p>\n\n\n\n<p>A cada um sempre \u00e9 dado o tempo de evoluir, como tamb\u00e9m o tempo para resgatar seus malfeitos, aquilo que n\u00e3o \u00e9 regido pela grande lei universal. Temos que nos conscientizar que somos um ser em evolu\u00e7\u00e3o, um ser que, como uma pequena semente, germina e produz uma grande \u00e1rvore. Assim s\u00e3o todos os seres, mas de modo especial o ser humano que pode e cria tudo o que lhe diz respeito, desde as pequenas dificuldades de seu caminho, at\u00e9 seu pr\u00f3prio corpo que carrega as energias de suas cria\u00e7\u00f5es. \u00c9 claro, aqui n\u00e3o estamos falando do corpo, mas do esp\u00edrito. O corpo tem um tempo limitado de vida, mas o esp\u00edrito \u00e9 eterno. Teve seu in\u00edcio no pensamento de Deus e nunca mais ter\u00e1 fim, nunca mais deixar\u00e1 de ser uma individualidade. Individualidade esta que dever\u00e1 criar-se recriar-se e isso sempre ser\u00e1 atrav\u00e9s de seu pensamento. O pensamento nos torna iguais a Deus, nos d\u00e1 o poder de criar, nos tornando Deus em a\u00e7\u00e3o. Sei que \u00e9 dif\u00edcil a intelectualiza\u00e7\u00e3o e compreens\u00e3o de nossa situa\u00e7\u00e3o perante o universo, de sermos Deus criando, especialmente aquilo que nos diz respeito, que formar\u00e1 o ambiente da pr\u00f3xima reencarna\u00e7\u00e3o do esp\u00edrito. Quando vai reencarnar, o esp\u00edrito \u00e9 levado ao Concelho C\u00e1rmico que elaborar\u00e1 um projeto, j\u00e1 espelhando as energias criadas em seus corpos anteriores, para que possa, aos poucos, limpar-se de suas cargas negativas para poder ascensionar \u00e0 uma energia mais elevada.<\/p>\n","protected":false},"excerpt":{"rendered":"<p>21\/04\/2023 A cada um sempre \u00e9 dado o tempo de evoluir, como tamb\u00e9m o tempo para resgatar seus malfeitos, aquilo que n\u00e3o \u00e9 regido pela grande lei universal. Temos que nos conscientizar que somos um ser em evolu\u00e7\u00e3o, um ser que, como uma pequena semente, germina e produz uma grande \u00e1rvore. Assim s\u00e3o todos os [&hellip;]<\/p>\n","protected":false},"author":1,"featured_media":0,"comment_status":"open","ping_status":"open","sticky":false,"template":"","format":"standard","meta":{"_mi_skip_tracking":false},"categories":[34],"tags":[],"_links":{"self":[{"href":"https:\/\/www.miguelfaccio.com.br\/blog\/index.php\/wp-json\/wp\/v2\/posts\/19958"}],"collection":[{"href":"https:\/\/www.miguelfaccio.com.br\/blog\/index.php\/wp-json\/wp\/v2\/posts"}],"about":[{"href":"https:\/\/www.miguelfaccio.com.br\/blog\/index.php\/wp-json\/wp\/v2\/types\/post"}],"author":[{"embeddable":true,"href":"https:\/\/www.miguelfaccio.com.br\/blog\/index.php\/wp-json\/wp\/v2\/users\/1"}],"replies":[{"embeddable":true,"href":"https:\/\/www.miguelfaccio.com.br\/blog\/index.php\/wp-json\/wp\/v2\/comments?post=19958"}],"version-history":[{"count":1,"href":"https:\/\/www.miguelfaccio.com.br\/blog\/index.php\/wp-json\/wp\/v2\/posts\/19958\/revisions"}],"predecessor-version":[{"id":19959,"href":"https:\/\/www.miguelfaccio.com.br\/blog\/index.php\/wp-json\/wp\/v2\/posts\/19958\/revisions\/19959"}],"wp:attachment":[{"href":"https:\/\/www.miguelfaccio.com.br\/blog\/index.php\/wp-json\/wp\/v2\/media?parent=19958"}],"wp:term":[{"taxonomy":"category","embeddable":true,"href":"https:\/\/www.miguelfaccio.com.br\/blog\/index.php\/wp-json\/wp\/v2\/categories?post=19958"},{"taxonomy":"post_tag","embeddable":true,"href":"https:\/\/www.miguelfaccio.com.br\/blog\/index.php\/wp-json\/wp\/v2\/tags?post=19958"}],"curies":[{"name":"wp","href":"https:\/\/api.w.org\/{rel}","templated":true}]}}