{"id":19956,"date":"2025-09-30T08:04:13","date_gmt":"2025-09-30T11:04:13","guid":{"rendered":"https:\/\/www.miguelfaccio.com.br\/blog\/?p=19956"},"modified":"2025-09-30T08:04:15","modified_gmt":"2025-09-30T11:04:15","slug":"rcd4178-raios-ou-chamas","status":"publish","type":"post","link":"https:\/\/www.miguelfaccio.com.br\/blog\/index.php\/rcd4178-raios-ou-chamas\/","title":{"rendered":"RCD4178 Raios ou Chamas"},"content":{"rendered":"\n<p class=\"has-text-align-right\"><strong>Mensagem do Universo <br>Atrav\u00e9s de Brenda Hoffman<\/strong><\/p>\n\n\n\n<p>IGNORE OS ATAQUES, VOC\u00ca EST\u00c1 NO CONTROLE DE SI MESMO<\/p>\n\n\n\n<p>22 de setembro de 2025<\/p>\n\n\n\n<p>Queridos,<\/p>\n\n\n\n<p>Talvez voc\u00ea esteja preocupado que sua vida n\u00e3o esteja melhorando. Que todas as palavras ditas por v\u00e1rios mensageiros universais sejam falsas ou enganosas. Sua vida pode at\u00e9 parecer menos atraente a cada dia.<\/p>\n\n\n\n<p>Aqueles da 3D est\u00e3o gritando a certeza de seus medos, bombardeando voc\u00ea dia e noite com palavras que indicam que voc\u00ea n\u00e3o \u00e9 capaz de viver sem sua orienta\u00e7\u00e3o rigorosa.<\/p>\n\n\n\n<p>Dizendo de tantas maneiras diferentes que voc\u00ea \u00e9 limitado em suas habilidades e, portanto, em suas a\u00e7\u00f5es. E que eles s\u00e3o mais s\u00e1bios e melhores do que voc\u00ea. Todos indicadores de que eles s\u00e3o os l\u00edderes e voc\u00ea \u00e9 um seguidor d\u00f3cil.<\/p>\n\n\n\n<p>Claro, isso n\u00e3o \u00e9 mais verdade, mas suas respostas \u00e0 intimida\u00e7\u00e3o deles parecem produzir menos liberdades do que voc\u00ea tinha antes de eles come\u00e7arem seu reinado de terror. Voc\u00ea continua sendo um ser manso, escondido num canto, esperando n\u00e3o ser visto por ningu\u00e9m que possa restringir suas liberdades de forma mais dr\u00e1stica.<\/p>\n\n\n\n<p>Voc\u00ea est\u00e1 encolhido num canto em vez de declarar sua liberdade daqueles que n\u00e3o pensam nem agem mais como voc\u00ea.<\/p>\n\n\n\n<p>Voc\u00ea \u00e9 um novo ser com novas habilidades. \u00c9 hora de come\u00e7ar a us\u00e1-las. Se estiver desconfort\u00e1vel, crie um espa\u00e7o de conforto. Se estiver com raiva, crie um espa\u00e7o de paz. E se estiver com medo, acesse seu ser interior, com o qual voc\u00ea poder\u00e1 implementar suas novas habilidades.<\/p>\n\n\n\n<p>Aqueles que voc\u00ea permitiu que reinassem sobre voc\u00ea por eras n\u00e3o podem permitir que voc\u00ea reconhe\u00e7a suas habilidades ou mesmo seus interesses. \u00c9 do interesse deles que voc\u00ea se esconda num canto em vez de se manter ereto e orgulhoso de quem voc\u00ea \u00e9 e do que pode fazer.<\/p>\n\n\n\n<p>Os valent\u00f5es perderam o poder, mas voc\u00ea continua a permitir que eles tenham mais poder do que realmente t\u00eam. Se eles fazem isso, voc\u00ea deve fazer aquilo, que \u00e9 uma resposta tridimensional.<\/p>\n\n\n\n<p>O que voc\u00ea quer fazer?<\/p>\n\n\n\n<p>Com \u200b\u200bquem voc\u00ea quer interagir?<\/p>\n\n\n\n<p>O que voc\u00ea quer ou precisa?<\/p>\n\n\n\n<p>Todas as perguntas que n\u00e3o podem mais ser respondidas por aqueles que voc\u00ea permite que o dominem, pois eles n\u00e3o se importam com o que voc\u00ea quer ou precisa.<\/p>\n\n\n\n<p>Aqueles que tentam domin\u00e1-lo se importam apenas com suas necessidades e interesses. De certa forma, eles s\u00e3o seus modelos, pois n\u00e3o consideram o que os outros querem ou precisam, pois s\u00e3o o foco do mundo deles.<\/p>\n\n\n\n<p>A diferen\u00e7a \u00e9 que o mundo 3D deles \u00e9 sobre controle, e o seu novo mundo \u00e9 sobre expans\u00e3o. A outra diferen\u00e7a \u00e9 que a sua expans\u00e3o \u00e9 baseada no amor, enquanto o mundo deles \u00e9 movido pelo controle baseado no medo.<\/p>\n\n\n\n<p>Atualmente, voc\u00ea est\u00e1 encolhido de medo por causa do seu treinamento tridimensional sobre como reagir \u00e0queles que est\u00e3o no poder. Voc\u00ea est\u00e1 se esquecendo de que voc\u00ea \u00e9 a fonte de energia da sua vida.<\/p>\n\n\n\n<p>Voc\u00ea \u00e9 o poder da sua vida. N\u00e3o importa o que os outros acreditam, sentem ou at\u00e9 mesmo desejam. Quem \u00e9 voc\u00ea agora que n\u00e3o \u00e9 mais tridimensional?<\/p>\n\n\n\n<p>Esque\u00e7a os \u201cdeverias\u201d, o que foi e quem os outros querem que voc\u00ea seja. Assuma o controle da sua vida. Voc\u00ea provavelmente est\u00e1 agindo como um jovem adulto que passa todos os seus pensamentos, medos e a\u00e7\u00f5es para os pais, em vez de para si mesmo.<\/p>\n\n\n\n<p>Voc\u00ea n\u00e3o \u00e9 mais uma crian\u00e7a ou mesmo um adolescente. Voc\u00ea \u00e9 um novo adulto totalmente equipado, com todas as habilidades, poder e for\u00e7a interior que isso implica. Permita que aqueles da 3D rangem os dentes de medo e raiva. Voc\u00ea tem uma nova vida para criar, que n\u00e3o inclui deveres ou medos da 3D.<\/p>\n\n\n\n<p>Voc\u00ea n\u00e3o faz mais parte de um grupo de medo ou de valent\u00f5es. Voc\u00ea \u00e9 um novo voc\u00ea, com ideias brilhantes, cria\u00e7\u00f5es e divers\u00e3o. Permita que isso aconte\u00e7a sem se preocupar com como aqueles que voc\u00ea agora acredita estarem no poder pensam que voc\u00ea deve agir ou ser.<\/p>\n\n\n\n<p>Voc\u00ea est\u00e1 no controle de si mesmo e assim ser\u00e1 para sempre.<\/p>\n\n\n\n<p>Que assim seja.<\/p>\n\n\n\n<p>Am\u00e9m<\/p>\n\n\n\n<p>Formata\u00e7\u00e3o e tradu\u00e7\u00e3o \u2013 Blog De Cora\u00e7\u00e3o a Cora\u00e7\u00e3o<\/p>\n\n\n\n<figure class=\"wp-block-embed\"><div class=\"wp-block-embed__wrapper\">\nhttp:\/\/www.decoracaoacoracao.blog.br\/\n<\/div><\/figure>\n\n\n\n<figure class=\"wp-block-embed\"><div class=\"wp-block-embed__wrapper\">\nhttp:\/\/stelalecocq.blogspot.com\n<\/div><\/figure>\n\n\n\n<figure class=\"wp-block-embed\"><div class=\"wp-block-embed__wrapper\">\nhttps:\/\/lecocq.wordpress.com\n<\/div><\/figure>\n\n\n\n<p>Instagram \u2013 @blogdecoracaoacoracao<\/p>\n\n\n\n<p>Informa\u00e7\u00f5es e Agendamentos para Mesa Qu\u00e2ntica Estelar, Mesa Pet, Mesa Qu\u00e2ntica 2.0, Florais de Bach, Sistema Regenerador Ashtariano, Sistema Arcturiano de Cura Multidimensional \u2013 lecocqmuller@gmail.com<\/p>\n\n\n\n<p>E-book \u201cMensagens dos Mestres \u2013 De Cora\u00e7\u00e3o a Cora\u00e7\u00e3o\u201d \u2013 https:\/\/mensagensdosmestres.blogspot.com\/<\/p>\n\n\n\n<p>Copyright 2009-2025, Brenda Hoffman \u2013 LifeTapestryCreations.com<\/p>\n\n\n\n<p>Respeite todos os cr\u00e9ditos ao compartilhar<\/p>\n\n\n\n<p>LUZ!<\/p>\n\n\n\n<p>STELA<\/p>\n","protected":false},"excerpt":{"rendered":"<p>Mensagem do Universo Atrav\u00e9s de Brenda Hoffman IGNORE OS ATAQUES, VOC\u00ca EST\u00c1 NO CONTROLE DE SI MESMO 22 de setembro de 2025 Queridos, Talvez voc\u00ea esteja preocupado que sua vida n\u00e3o esteja melhorando. Que todas as palavras ditas por v\u00e1rios mensageiros universais sejam falsas ou enganosas. Sua vida pode at\u00e9 parecer menos atraente a cada [&hellip;]<\/p>\n","protected":false},"author":1,"featured_media":0,"comment_status":"open","ping_status":"open","sticky":false,"template":"","format":"standard","meta":{"_mi_skip_tracking":false},"categories":[3],"tags":[],"_links":{"self":[{"href":"https:\/\/www.miguelfaccio.com.br\/blog\/index.php\/wp-json\/wp\/v2\/posts\/19956"}],"collection":[{"href":"https:\/\/www.miguelfaccio.com.br\/blog\/index.php\/wp-json\/wp\/v2\/posts"}],"about":[{"href":"https:\/\/www.miguelfaccio.com.br\/blog\/index.php\/wp-json\/wp\/v2\/types\/post"}],"author":[{"embeddable":true,"href":"https:\/\/www.miguelfaccio.com.br\/blog\/index.php\/wp-json\/wp\/v2\/users\/1"}],"replies":[{"embeddable":true,"href":"https:\/\/www.miguelfaccio.com.br\/blog\/index.php\/wp-json\/wp\/v2\/comments?post=19956"}],"version-history":[{"count":1,"href":"https:\/\/www.miguelfaccio.com.br\/blog\/index.php\/wp-json\/wp\/v2\/posts\/19956\/revisions"}],"predecessor-version":[{"id":19957,"href":"https:\/\/www.miguelfaccio.com.br\/blog\/index.php\/wp-json\/wp\/v2\/posts\/19956\/revisions\/19957"}],"wp:attachment":[{"href":"https:\/\/www.miguelfaccio.com.br\/blog\/index.php\/wp-json\/wp\/v2\/media?parent=19956"}],"wp:term":[{"taxonomy":"category","embeddable":true,"href":"https:\/\/www.miguelfaccio.com.br\/blog\/index.php\/wp-json\/wp\/v2\/categories?post=19956"},{"taxonomy":"post_tag","embeddable":true,"href":"https:\/\/www.miguelfaccio.com.br\/blog\/index.php\/wp-json\/wp\/v2\/tags?post=19956"}],"curies":[{"name":"wp","href":"https:\/\/api.w.org\/{rel}","templated":true}]}}