{"id":19954,"date":"2025-09-30T08:01:20","date_gmt":"2025-09-30T11:01:20","guid":{"rendered":"https:\/\/www.miguelfaccio.com.br\/blog\/?p=19954"},"modified":"2025-09-30T08:01:22","modified_gmt":"2025-09-30T11:01:22","slug":"plv4232-livro-28-diario-20-04-2023","status":"publish","type":"post","link":"https:\/\/www.miguelfaccio.com.br\/blog\/index.php\/plv4232-livro-28-diario-20-04-2023\/","title":{"rendered":"PLV4232 \u2013 Livro 28 \u2013 Di\u00e1rio, 20\/04\/2023"},"content":{"rendered":"\n<p class=\"has-text-align-right\"><strong>20\/04\/2023<\/strong><\/p>\n\n\n\n<p>A nossa consci\u00eancia n\u00e3o tem conhecimento das causas que afetam esta exist\u00eancia do esp\u00edrito, dentro de nosso corpo, que tem que carregar tanto desconforto. Para podermos entender um pouco esta nossa estrada repleta de pedras e espinhos, precisa-se que nosso racioc\u00ednio comece a questionar, n\u00e3o os c\u00e9us, mas a si mesmo. Partindo de o que eu fiz para estar nessa situa\u00e7\u00e3o? O que me causou esses problemas? H\u00e1 um aporte da ci\u00eancia dos homens que diz: \u201ca todo o ato, h\u00e1 um outro ato na mesma intensidade, mas em sentido contr\u00e1rio\u201d. Como h\u00e1 um aporte dado por Jesus, \u201ca semeadura \u00e9 livre, mas a colheita \u00e9 obrigat\u00f3ria\u201d. Pois bem, de qualquer parte que voc\u00ea buscar raz\u00f5es para formar suas conclus\u00f5es no sentido dos problemas que enfrenta agora, saiba que, do acaso n\u00e3o sai nada, ele n\u00e3o existe. Se procurar nas ci\u00eancias dos homens ver\u00e1 que, cada pensamento, cada palavra e cada obra que fizeres, \u00e9 um \u201cato\u201d. Se buscar no ensino de Jesus, cada ato que fizeres \u00e9 uma semeadura. S\u00e3o palavras diferentes, mas representam a mesma coisa, ou seja, tudo o que sair de ti, a ti voltar\u00e1, \u00e9 lei do universo, a lei do C\u00edrculo, a lei da Causa e Efeito. Portanto, a vida neste corpo \u00e9 a soma das consequ\u00eancias, tanto visto pelo lado da ci\u00eancia dos homens, como do ensino de Jesus. Ningu\u00e9m escapa disso. Mais cedo ou mais tarde, seus atos retornam e v\u00eam cobrar o seu quinh\u00e3o.<\/p>\n","protected":false},"excerpt":{"rendered":"<p>20\/04\/2023 A nossa consci\u00eancia n\u00e3o tem conhecimento das causas que afetam esta exist\u00eancia do esp\u00edrito, dentro de nosso corpo, que tem que carregar tanto desconforto. Para podermos entender um pouco esta nossa estrada repleta de pedras e espinhos, precisa-se que nosso racioc\u00ednio comece a questionar, n\u00e3o os c\u00e9us, mas a si mesmo. Partindo de o [&hellip;]<\/p>\n","protected":false},"author":1,"featured_media":0,"comment_status":"open","ping_status":"open","sticky":false,"template":"","format":"standard","meta":{"_mi_skip_tracking":false},"categories":[34],"tags":[],"_links":{"self":[{"href":"https:\/\/www.miguelfaccio.com.br\/blog\/index.php\/wp-json\/wp\/v2\/posts\/19954"}],"collection":[{"href":"https:\/\/www.miguelfaccio.com.br\/blog\/index.php\/wp-json\/wp\/v2\/posts"}],"about":[{"href":"https:\/\/www.miguelfaccio.com.br\/blog\/index.php\/wp-json\/wp\/v2\/types\/post"}],"author":[{"embeddable":true,"href":"https:\/\/www.miguelfaccio.com.br\/blog\/index.php\/wp-json\/wp\/v2\/users\/1"}],"replies":[{"embeddable":true,"href":"https:\/\/www.miguelfaccio.com.br\/blog\/index.php\/wp-json\/wp\/v2\/comments?post=19954"}],"version-history":[{"count":1,"href":"https:\/\/www.miguelfaccio.com.br\/blog\/index.php\/wp-json\/wp\/v2\/posts\/19954\/revisions"}],"predecessor-version":[{"id":19955,"href":"https:\/\/www.miguelfaccio.com.br\/blog\/index.php\/wp-json\/wp\/v2\/posts\/19954\/revisions\/19955"}],"wp:attachment":[{"href":"https:\/\/www.miguelfaccio.com.br\/blog\/index.php\/wp-json\/wp\/v2\/media?parent=19954"}],"wp:term":[{"taxonomy":"category","embeddable":true,"href":"https:\/\/www.miguelfaccio.com.br\/blog\/index.php\/wp-json\/wp\/v2\/categories?post=19954"},{"taxonomy":"post_tag","embeddable":true,"href":"https:\/\/www.miguelfaccio.com.br\/blog\/index.php\/wp-json\/wp\/v2\/tags?post=19954"}],"curies":[{"name":"wp","href":"https:\/\/api.w.org\/{rel}","templated":true}]}}