{"id":19950,"date":"2025-09-29T08:21:41","date_gmt":"2025-09-29T11:21:41","guid":{"rendered":"https:\/\/www.miguelfaccio.com.br\/blog\/?p=19950"},"modified":"2025-09-29T08:21:43","modified_gmt":"2025-09-29T11:21:43","slug":"plv4231-livro-28-diario-19-04-2023","status":"publish","type":"post","link":"https:\/\/www.miguelfaccio.com.br\/blog\/index.php\/plv4231-livro-28-diario-19-04-2023\/","title":{"rendered":"PLV4231 \u2013 Livro 28 \u2013 Di\u00e1rio, 19\/04\/2023"},"content":{"rendered":"\n<p class=\"has-text-align-right\"><strong>19\/04\/2023<\/strong><\/p>\n\n\n\n<p>O cume de nossa montanha evolutiva est\u00e1 muito distante ainda, mas, logo, logo estaremos em uma trilha que facilitar\u00e1, em muito, nossa caminhada. Ainda aqui em terceira dimens\u00e3o, a situa\u00e7\u00e3o \u00e9 muito dif\u00edcil, \u00e9 como andar no escuro. N\u00e3o h\u00e1 para o consciente do corpo nada que possa indicar o caminho a seguir. Isto \u00e9, n\u00e3o temos a percep\u00e7\u00e3o do que precisa ser feito, nada que indique, que mostre, o poder criador de nosso pensamento, que \u00e9 quem cria nossa estrada e nosso futuro. Na terceira dimens\u00e3o, com raras exce\u00e7\u00f5es, a maioria dos humanos agem como son\u00e2mbulos, que n\u00e3o percebem a dimens\u00e3o de suas cria\u00e7\u00f5es pelos pensamentos, pelas palavras e pelas obras. Mesmo, com algumas mentes mais abertas, tentando abrir seu entendimento para as realidades da vida, raramente entendem e executam. Coisa que, logo, logo isso ser\u00e1 sobrepujado pela eleva\u00e7\u00e3o do ser humano para a quinta dimens\u00e3o. Essa \u00e9 uma realidade expressa por Jav\u00e9, da qual n\u00e3o podemos duvidar, porque a situa\u00e7\u00e3o atual do planeta assim o exige. A forma como cada um cumprir\u00e1 as palavras de Jesus, \u201ca semeadura \u00e9 livre, mas a colheita \u00e9 obrigat\u00f3ria\u201d, isso n\u00e3o nos afeta porque ser\u00e1 uma quest\u00e3o relativa somente ao Concelho C\u00e1rmico determinar. O que precisamos \u00e9 cuidar de nosso quintal, porque as consequ\u00eancias das palavras de Jesus, corre por conta e risco de cada ser em particular, e cada um dever\u00e1 equacionar suas pend\u00eancias c\u00e1rmicas.<\/p>\n","protected":false},"excerpt":{"rendered":"<p>19\/04\/2023 O cume de nossa montanha evolutiva est\u00e1 muito distante ainda, mas, logo, logo estaremos em uma trilha que facilitar\u00e1, em muito, nossa caminhada. Ainda aqui em terceira dimens\u00e3o, a situa\u00e7\u00e3o \u00e9 muito dif\u00edcil, \u00e9 como andar no escuro. N\u00e3o h\u00e1 para o consciente do corpo nada que possa indicar o caminho a seguir. Isto [&hellip;]<\/p>\n","protected":false},"author":1,"featured_media":0,"comment_status":"open","ping_status":"open","sticky":false,"template":"","format":"standard","meta":{"_mi_skip_tracking":false},"categories":[34],"tags":[],"_links":{"self":[{"href":"https:\/\/www.miguelfaccio.com.br\/blog\/index.php\/wp-json\/wp\/v2\/posts\/19950"}],"collection":[{"href":"https:\/\/www.miguelfaccio.com.br\/blog\/index.php\/wp-json\/wp\/v2\/posts"}],"about":[{"href":"https:\/\/www.miguelfaccio.com.br\/blog\/index.php\/wp-json\/wp\/v2\/types\/post"}],"author":[{"embeddable":true,"href":"https:\/\/www.miguelfaccio.com.br\/blog\/index.php\/wp-json\/wp\/v2\/users\/1"}],"replies":[{"embeddable":true,"href":"https:\/\/www.miguelfaccio.com.br\/blog\/index.php\/wp-json\/wp\/v2\/comments?post=19950"}],"version-history":[{"count":1,"href":"https:\/\/www.miguelfaccio.com.br\/blog\/index.php\/wp-json\/wp\/v2\/posts\/19950\/revisions"}],"predecessor-version":[{"id":19951,"href":"https:\/\/www.miguelfaccio.com.br\/blog\/index.php\/wp-json\/wp\/v2\/posts\/19950\/revisions\/19951"}],"wp:attachment":[{"href":"https:\/\/www.miguelfaccio.com.br\/blog\/index.php\/wp-json\/wp\/v2\/media?parent=19950"}],"wp:term":[{"taxonomy":"category","embeddable":true,"href":"https:\/\/www.miguelfaccio.com.br\/blog\/index.php\/wp-json\/wp\/v2\/categories?post=19950"},{"taxonomy":"post_tag","embeddable":true,"href":"https:\/\/www.miguelfaccio.com.br\/blog\/index.php\/wp-json\/wp\/v2\/tags?post=19950"}],"curies":[{"name":"wp","href":"https:\/\/api.w.org\/{rel}","templated":true}]}}