{"id":19946,"date":"2025-09-28T08:28:59","date_gmt":"2025-09-28T11:28:59","guid":{"rendered":"https:\/\/www.miguelfaccio.com.br\/blog\/?p=19946"},"modified":"2025-09-28T08:29:04","modified_gmt":"2025-09-28T11:29:04","slug":"plv4230-livro-28-diario-18-04-2023","status":"publish","type":"post","link":"https:\/\/www.miguelfaccio.com.br\/blog\/index.php\/plv4230-livro-28-diario-18-04-2023\/","title":{"rendered":"PLV4230 \u2013 Livro 28 \u2013 Di\u00e1rio, 18\/04\/2023"},"content":{"rendered":"\n<p class=\"has-text-align-right\"><strong>18\/04\/2023<\/strong><\/p>\n\n\n\n<p>Seguidamente recebe-se informa\u00e7\u00f5es vindas do alto, das mais diferentes fontes, que falam da forma como se far\u00e1 a ascens\u00e3o do ser humano para a quinta dimens\u00e3o. O dif\u00edcil \u00e9 conseguir fechar uma dedu\u00e7\u00e3o l\u00f3gica deste fato in\u00e9dito para nosso planeta. Parece n\u00e3o haver defini\u00e7\u00e3o de mando e tomadas de conclus\u00f5es neste imenso ex\u00e9rcito que formam os extraterrestres de todas as plagas do universo que aqui aportaram no intuito de auxiliar no passo final dos terr\u00e1queos em 3D para a 5D. O interesse, suponho, seja de todos, apenas em dar suporte a essa metamorfose humana. Parece haver muito desencontro entre, como um ou outro far\u00e1. Para n\u00f3s aqui, ainda bitolados na 3D, \u00e9 um pouco dif\u00edcil encontrar um paradigma, um caminho, um ponto sequer que una as diferentes correntes previstas para a execu\u00e7\u00e3o final desta monstruosa, como dif\u00edcil metamorfose, onde, especialmente, o objeto desta mudan\u00e7a, o ser humano, est\u00e1 corrompido at\u00e9 o \u00e2mago o de sua alma, onde sua maior busca \u00e9 encher os bolsos sem se preocupar em quantas cabe\u00e7as vai pisar. Seu consciente reconhece o valor do que tilinta e brilha aos seus olhos. A \u00fanica coisa que o guia, consciente ou inconscientemente, \u00e9 uma filosofia descal\u00e7a, n\u00e3o tem suporte na l\u00f3gica e raz\u00e3o, a menos para aqueles que enganados, n\u00e3o encontram em seu consciente exterior algo que ative seu DNA na busca de seu objetivo de exist\u00eancia, n\u00e3o apenas as mentiras das boas fal\u00e1cias que subvertem todos os par\u00e2metros de uma l\u00f3gica e raz\u00e3o impec\u00e1veis. Por isso nos \u00e9 dif\u00edcil deduzir a verdade.<\/p>\n","protected":false},"excerpt":{"rendered":"<p>18\/04\/2023 Seguidamente recebe-se informa\u00e7\u00f5es vindas do alto, das mais diferentes fontes, que falam da forma como se far\u00e1 a ascens\u00e3o do ser humano para a quinta dimens\u00e3o. O dif\u00edcil \u00e9 conseguir fechar uma dedu\u00e7\u00e3o l\u00f3gica deste fato in\u00e9dito para nosso planeta. Parece n\u00e3o haver defini\u00e7\u00e3o de mando e tomadas de conclus\u00f5es neste imenso ex\u00e9rcito que [&hellip;]<\/p>\n","protected":false},"author":1,"featured_media":0,"comment_status":"open","ping_status":"open","sticky":false,"template":"","format":"standard","meta":{"_mi_skip_tracking":false},"categories":[34],"tags":[],"_links":{"self":[{"href":"https:\/\/www.miguelfaccio.com.br\/blog\/index.php\/wp-json\/wp\/v2\/posts\/19946"}],"collection":[{"href":"https:\/\/www.miguelfaccio.com.br\/blog\/index.php\/wp-json\/wp\/v2\/posts"}],"about":[{"href":"https:\/\/www.miguelfaccio.com.br\/blog\/index.php\/wp-json\/wp\/v2\/types\/post"}],"author":[{"embeddable":true,"href":"https:\/\/www.miguelfaccio.com.br\/blog\/index.php\/wp-json\/wp\/v2\/users\/1"}],"replies":[{"embeddable":true,"href":"https:\/\/www.miguelfaccio.com.br\/blog\/index.php\/wp-json\/wp\/v2\/comments?post=19946"}],"version-history":[{"count":1,"href":"https:\/\/www.miguelfaccio.com.br\/blog\/index.php\/wp-json\/wp\/v2\/posts\/19946\/revisions"}],"predecessor-version":[{"id":19947,"href":"https:\/\/www.miguelfaccio.com.br\/blog\/index.php\/wp-json\/wp\/v2\/posts\/19946\/revisions\/19947"}],"wp:attachment":[{"href":"https:\/\/www.miguelfaccio.com.br\/blog\/index.php\/wp-json\/wp\/v2\/media?parent=19946"}],"wp:term":[{"taxonomy":"category","embeddable":true,"href":"https:\/\/www.miguelfaccio.com.br\/blog\/index.php\/wp-json\/wp\/v2\/categories?post=19946"},{"taxonomy":"post_tag","embeddable":true,"href":"https:\/\/www.miguelfaccio.com.br\/blog\/index.php\/wp-json\/wp\/v2\/tags?post=19946"}],"curies":[{"name":"wp","href":"https:\/\/api.w.org\/{rel}","templated":true}]}}