{"id":19942,"date":"2025-09-27T08:52:06","date_gmt":"2025-09-27T11:52:06","guid":{"rendered":"https:\/\/www.miguelfaccio.com.br\/blog\/?p=19942"},"modified":"2025-09-27T08:52:08","modified_gmt":"2025-09-27T11:52:08","slug":"plv4229-livro-28-diario-17-04-2023","status":"publish","type":"post","link":"https:\/\/www.miguelfaccio.com.br\/blog\/index.php\/plv4229-livro-28-diario-17-04-2023\/","title":{"rendered":"PLV4229 \u2013 Livro 28 \u2013 Di\u00e1rio, 17\/04\/2023"},"content":{"rendered":"\n<p class=\"has-text-align-right\"><strong>17\/04\/2023<\/strong><\/p>\n\n\n\n<p>A morte n\u00e3o existe. A morte, em qualquer dos reinos poss\u00edveis de acontecer essa condi\u00e7\u00e3o, \u00e9 apenas a decomposi\u00e7\u00e3o de suas unidades at\u00f4micas. Isso acontece quando a energia que envolve aquele ser, deixa de fluir pelo seu corpo. No caso espec\u00edfico do ser humano, isso acontece quando a ess\u00eancia, a energia, o esp\u00edrito deixa o corpo, ent\u00e3o, em um tempo muito curto, o agregado de \u00e1tomos que formavam o corpo separa-se e v\u00e3o para o informe. Isto \u00e9 para de onde vieram. Talvez, muitos \u00e1tomos voltem ao Sol Central para l\u00e1 serem repolarizados. Isso ainda n\u00e3o consta na ci\u00eancia dos homens. Nenhum \u00e1tomo foi destru\u00eddo ou morreu, continuam todos, mas n\u00e3o mais fazendo parte daquele corpo. Essa \u00e9 a condi\u00e7\u00e3o real do que acontece \u00e0 dualidade quando a mat\u00e9ria\/esp\u00edrito se desfaz. O esp\u00edrito que habitou um instrumento (corpo) por algum tempo, volta a vida ap\u00f3s a vida, na busca de mais condi\u00e7\u00f5es que o levem \u00e0 evolu\u00e7\u00e3o, porque tudo ter\u00e1 que ser buscado, perquirido, analisado, estudado e experienciado para se incorporar em seu esp\u00edrito. Todos iniciamos na plena simplicidade e ignor\u00e2ncia e alcan\u00e7amos tudo aquilo que foi buscado e experienciado por n\u00f3s. Este, todos, falo do esp\u00edrito. O corpo, quando nasce, ao ver a luz pela primeira vez, tamb\u00e9m est\u00e1 na plena simplicidade e ignor\u00e2ncia, mas pode apresentar j\u00e1 bem no in\u00edcio de sua vida, a evolu\u00e7\u00e3o que tem seu esp\u00edrito. Como exemplo tenho visto crian\u00e7a de 4 anos tocar piano t\u00e3o bem como qualquer maestro. Outra com dois anos conseguiu ler. E por a\u00ed podemos ter exemplos \u00e0s m\u00e3os cheias.<\/p>\n","protected":false},"excerpt":{"rendered":"<p>17\/04\/2023 A morte n\u00e3o existe. A morte, em qualquer dos reinos poss\u00edveis de acontecer essa condi\u00e7\u00e3o, \u00e9 apenas a decomposi\u00e7\u00e3o de suas unidades at\u00f4micas. Isso acontece quando a energia que envolve aquele ser, deixa de fluir pelo seu corpo. No caso espec\u00edfico do ser humano, isso acontece quando a ess\u00eancia, a energia, o esp\u00edrito deixa [&hellip;]<\/p>\n","protected":false},"author":1,"featured_media":0,"comment_status":"open","ping_status":"open","sticky":false,"template":"","format":"standard","meta":{"_mi_skip_tracking":false},"categories":[34],"tags":[],"_links":{"self":[{"href":"https:\/\/www.miguelfaccio.com.br\/blog\/index.php\/wp-json\/wp\/v2\/posts\/19942"}],"collection":[{"href":"https:\/\/www.miguelfaccio.com.br\/blog\/index.php\/wp-json\/wp\/v2\/posts"}],"about":[{"href":"https:\/\/www.miguelfaccio.com.br\/blog\/index.php\/wp-json\/wp\/v2\/types\/post"}],"author":[{"embeddable":true,"href":"https:\/\/www.miguelfaccio.com.br\/blog\/index.php\/wp-json\/wp\/v2\/users\/1"}],"replies":[{"embeddable":true,"href":"https:\/\/www.miguelfaccio.com.br\/blog\/index.php\/wp-json\/wp\/v2\/comments?post=19942"}],"version-history":[{"count":1,"href":"https:\/\/www.miguelfaccio.com.br\/blog\/index.php\/wp-json\/wp\/v2\/posts\/19942\/revisions"}],"predecessor-version":[{"id":19943,"href":"https:\/\/www.miguelfaccio.com.br\/blog\/index.php\/wp-json\/wp\/v2\/posts\/19942\/revisions\/19943"}],"wp:attachment":[{"href":"https:\/\/www.miguelfaccio.com.br\/blog\/index.php\/wp-json\/wp\/v2\/media?parent=19942"}],"wp:term":[{"taxonomy":"category","embeddable":true,"href":"https:\/\/www.miguelfaccio.com.br\/blog\/index.php\/wp-json\/wp\/v2\/categories?post=19942"},{"taxonomy":"post_tag","embeddable":true,"href":"https:\/\/www.miguelfaccio.com.br\/blog\/index.php\/wp-json\/wp\/v2\/tags?post=19942"}],"curies":[{"name":"wp","href":"https:\/\/api.w.org\/{rel}","templated":true}]}}