{"id":19938,"date":"2025-09-26T09:13:35","date_gmt":"2025-09-26T12:13:35","guid":{"rendered":"https:\/\/www.miguelfaccio.com.br\/blog\/?p=19938"},"modified":"2025-09-26T09:13:37","modified_gmt":"2025-09-26T12:13:37","slug":"plv4228-livro-28-diario-16-04-2023","status":"publish","type":"post","link":"https:\/\/www.miguelfaccio.com.br\/blog\/index.php\/plv4228-livro-28-diario-16-04-2023\/","title":{"rendered":"PLV4228 \u2013 Livro 28 \u2013 Di\u00e1rio, 16\/04\/2023"},"content":{"rendered":"\n<p class=\"has-text-align-right\"><strong>16\/04\/2023<\/strong><\/p>\n\n\n\n<p>A vida, poucos a conseguem definir, t\u00e3o pouco viv\u00ea-la. N\u00e3o \u00e9 passando pelo corpo f\u00edsico que se vive. Para muitos o melhor nome seria vegeta. \u00c9 importante conseguir intelectualizar a vida, como uma realidade eterna e n\u00e3o como um tempo limitado. A melhor forma de fazer uma compara\u00e7\u00e3o com a vida \u00e9: voc\u00ea compra um carro, usa por algum tempo e depois se desfaz dele e compra outro. A vida \u00e9, em realidade, a energia que mant\u00e9m todas as coisas, do simples \u00e1tomo \u00e0 gal\u00e1xia de gal\u00e1xias. Isso que \u00e9 vida e traduzido em realidade, vida \u00e9 Deus em a\u00e7\u00e3o. Vida \u00e9 a atividade de Deus. Entendendo isso, pode-se tamb\u00e9m entender as palavras de Jesus expressas no Evangelho de Jo\u00e3o, \u201c<em>V\u00f3s sois Deuses<\/em>\u201d. Voc\u00ea n\u00e3o \u00e9 o Deus, mas uma part\u00edcula do Deus Uno, individualizada, para experienciar o conhecimento e assim evoluir. A evolu\u00e7\u00e3o \u00e9 uma consequ\u00eancia da individualiza\u00e7\u00e3o de uma part\u00edcula Divina, criada na plena ignor\u00e2ncia e simplicidade. Essa part\u00edcula que para o ser humano \u00e9 chamada de esp\u00edrito, precisa evoluir por sua pr\u00f3pria conta e risco. \u00c9 claro que sempre receber\u00e1 ajuda de quem lhe for superior, mas a op\u00e7\u00e3o, a determina\u00e7\u00e3o tem que ser sempre do pr\u00f3prio esp\u00edrito. Nada se recebe de gra\u00e7a, tudo precisa ser conquistado, buscado, estudado, entendido para poder acoplar-se ao esp\u00edrito, causando assim a evolu\u00e7\u00e3o. A evolu\u00e7\u00e3o, propriamente, n\u00e3o tem limites sobe-se como os degraus de uma escada. A certa a altura, faz-se a ascens\u00e3o e ent\u00e3o se estar\u00e1 no seio do Pai, tendo um s\u00f3 pensamento, uma s\u00f3 palavra e uma s\u00f3 obra.<\/p>\n","protected":false},"excerpt":{"rendered":"<p>16\/04\/2023 A vida, poucos a conseguem definir, t\u00e3o pouco viv\u00ea-la. N\u00e3o \u00e9 passando pelo corpo f\u00edsico que se vive. Para muitos o melhor nome seria vegeta. \u00c9 importante conseguir intelectualizar a vida, como uma realidade eterna e n\u00e3o como um tempo limitado. A melhor forma de fazer uma compara\u00e7\u00e3o com a vida \u00e9: voc\u00ea compra [&hellip;]<\/p>\n","protected":false},"author":1,"featured_media":0,"comment_status":"open","ping_status":"open","sticky":false,"template":"","format":"standard","meta":{"_mi_skip_tracking":false},"categories":[34],"tags":[],"_links":{"self":[{"href":"https:\/\/www.miguelfaccio.com.br\/blog\/index.php\/wp-json\/wp\/v2\/posts\/19938"}],"collection":[{"href":"https:\/\/www.miguelfaccio.com.br\/blog\/index.php\/wp-json\/wp\/v2\/posts"}],"about":[{"href":"https:\/\/www.miguelfaccio.com.br\/blog\/index.php\/wp-json\/wp\/v2\/types\/post"}],"author":[{"embeddable":true,"href":"https:\/\/www.miguelfaccio.com.br\/blog\/index.php\/wp-json\/wp\/v2\/users\/1"}],"replies":[{"embeddable":true,"href":"https:\/\/www.miguelfaccio.com.br\/blog\/index.php\/wp-json\/wp\/v2\/comments?post=19938"}],"version-history":[{"count":1,"href":"https:\/\/www.miguelfaccio.com.br\/blog\/index.php\/wp-json\/wp\/v2\/posts\/19938\/revisions"}],"predecessor-version":[{"id":19939,"href":"https:\/\/www.miguelfaccio.com.br\/blog\/index.php\/wp-json\/wp\/v2\/posts\/19938\/revisions\/19939"}],"wp:attachment":[{"href":"https:\/\/www.miguelfaccio.com.br\/blog\/index.php\/wp-json\/wp\/v2\/media?parent=19938"}],"wp:term":[{"taxonomy":"category","embeddable":true,"href":"https:\/\/www.miguelfaccio.com.br\/blog\/index.php\/wp-json\/wp\/v2\/categories?post=19938"},{"taxonomy":"post_tag","embeddable":true,"href":"https:\/\/www.miguelfaccio.com.br\/blog\/index.php\/wp-json\/wp\/v2\/tags?post=19938"}],"curies":[{"name":"wp","href":"https:\/\/api.w.org\/{rel}","templated":true}]}}