{"id":19933,"date":"2025-09-25T08:45:58","date_gmt":"2025-09-25T11:45:58","guid":{"rendered":"https:\/\/www.miguelfaccio.com.br\/blog\/?p=19933"},"modified":"2025-09-25T08:46:00","modified_gmt":"2025-09-25T11:46:00","slug":"plv4227-livro-28-diario-15-04-2023","status":"publish","type":"post","link":"https:\/\/www.miguelfaccio.com.br\/blog\/index.php\/plv4227-livro-28-diario-15-04-2023\/","title":{"rendered":"PLV4227 \u2013 Livro 28 \u2013 Di\u00e1rio, 15\/04\/2023"},"content":{"rendered":"\n<p class=\"has-text-align-right\"><strong>15\/04\/2023<\/strong><\/p>\n\n\n\n<p>Sempre \u00e9 hora de come\u00e7ar, de seguir, de conquistar, sem ter saudades de um passado que pode, mas nem sempre, ter deixado saudades. Precisamos fixar bem profundamente em nosso consciente que, o passado, como seu pr\u00f3prio nome diz, passou, isto \u00e9, n\u00e3o volta mais, \u00e9 irremedi\u00e1vel. A menos as consequ\u00eancias de sua passagem, que ficam semeadas no universo, isso continua. Como diz o Cristo, \u201cprecisam ser colhidas\u201d, para c\u00e1 voltaremos, em um futuro talvez distante, para quitarmos as energias delet\u00e9rias que possam ainda existir desta passagem que tivemos. O simples fato de existir, j\u00e1 estamos criando, \u201csemeando\u201d. O que cria \u00e9 o nosso pensamento, nossas palavras e nossas obras o querer pode impulsionar a cria\u00e7\u00e3o, mas n\u00e3o a estabelece. O que d\u00e1 ao querer o poder de criar \u00e9 o fazer, e o fazer \u00e9 consequ\u00eancia do pensar do falar e do agir. Conseguindo entender, e ver por este lado, estamos continuamente criando, mas, na maioria das vezes, desordenadamente. Tudo o que foi criado, n\u00e3o importa a forma, recai sobre o criador, tanto as coisas boas como as menos boas. \u00c9 dessa forma que tateando, evolu\u00edmos, aumentamos nossa capacidade intelectiva, dedutiva e racional. Se o caminhar est\u00e1 dif\u00edcil, diminua um pouco o passo, mas n\u00e3o pare. O parar sempre d\u00e1 sentido \u00e0 desist\u00eancia. N\u00e3o estamos tratando aqui de qualquer projeto, mas de n\u00f3s mesmos. N\u00e3o posso desistir de mim mesmo. Por isso, levante a cabe\u00e7a e segue em frente.<\/p>\n","protected":false},"excerpt":{"rendered":"<p>15\/04\/2023 Sempre \u00e9 hora de come\u00e7ar, de seguir, de conquistar, sem ter saudades de um passado que pode, mas nem sempre, ter deixado saudades. Precisamos fixar bem profundamente em nosso consciente que, o passado, como seu pr\u00f3prio nome diz, passou, isto \u00e9, n\u00e3o volta mais, \u00e9 irremedi\u00e1vel. A menos as consequ\u00eancias de sua passagem, que [&hellip;]<\/p>\n","protected":false},"author":1,"featured_media":0,"comment_status":"open","ping_status":"open","sticky":false,"template":"","format":"standard","meta":{"_mi_skip_tracking":false},"categories":[34],"tags":[],"_links":{"self":[{"href":"https:\/\/www.miguelfaccio.com.br\/blog\/index.php\/wp-json\/wp\/v2\/posts\/19933"}],"collection":[{"href":"https:\/\/www.miguelfaccio.com.br\/blog\/index.php\/wp-json\/wp\/v2\/posts"}],"about":[{"href":"https:\/\/www.miguelfaccio.com.br\/blog\/index.php\/wp-json\/wp\/v2\/types\/post"}],"author":[{"embeddable":true,"href":"https:\/\/www.miguelfaccio.com.br\/blog\/index.php\/wp-json\/wp\/v2\/users\/1"}],"replies":[{"embeddable":true,"href":"https:\/\/www.miguelfaccio.com.br\/blog\/index.php\/wp-json\/wp\/v2\/comments?post=19933"}],"version-history":[{"count":1,"href":"https:\/\/www.miguelfaccio.com.br\/blog\/index.php\/wp-json\/wp\/v2\/posts\/19933\/revisions"}],"predecessor-version":[{"id":19934,"href":"https:\/\/www.miguelfaccio.com.br\/blog\/index.php\/wp-json\/wp\/v2\/posts\/19933\/revisions\/19934"}],"wp:attachment":[{"href":"https:\/\/www.miguelfaccio.com.br\/blog\/index.php\/wp-json\/wp\/v2\/media?parent=19933"}],"wp:term":[{"taxonomy":"category","embeddable":true,"href":"https:\/\/www.miguelfaccio.com.br\/blog\/index.php\/wp-json\/wp\/v2\/categories?post=19933"},{"taxonomy":"post_tag","embeddable":true,"href":"https:\/\/www.miguelfaccio.com.br\/blog\/index.php\/wp-json\/wp\/v2\/tags?post=19933"}],"curies":[{"name":"wp","href":"https:\/\/api.w.org\/{rel}","templated":true}]}}