{"id":19929,"date":"2025-09-24T08:39:05","date_gmt":"2025-09-24T11:39:05","guid":{"rendered":"https:\/\/www.miguelfaccio.com.br\/blog\/?p=19929"},"modified":"2025-09-24T08:39:07","modified_gmt":"2025-09-24T11:39:07","slug":"plv4226-livro-28-diario-14-04-2023","status":"publish","type":"post","link":"https:\/\/www.miguelfaccio.com.br\/blog\/index.php\/plv4226-livro-28-diario-14-04-2023\/","title":{"rendered":"PLV4226 \u2013 Livro 28 \u2013 Di\u00e1rio, 14\/04\/2023"},"content":{"rendered":"\n<p class=\"has-text-align-right\"><strong>14\/04\/2023<\/strong><\/p>\n\n\n\n<p>Da forma que se desenrola a atividade e os atos dos homens, d\u00e1 para dizer que somente um milagre poderia resolver essa quest\u00e3o da evolu\u00e7\u00e3o do ser humano para a quinta dimens\u00e3o. Quanto mais se adianta no tempo, menos condi\u00e7\u00f5es de, por sua pr\u00f3pria vontade, se preocupar com algo que n\u00e3o conhece, n\u00e3o sabe o que \u00e9, e n\u00e3o se preocupa em saber. Talvez, seja a \u00fanica sa\u00edda mesmo, destruir tudo atrav\u00e9s de bomba nuclear e reiniciar uma nova civiliza\u00e7\u00e3o. Porque a pr\u00e9-condi\u00e7\u00e3o do ser humano \u00e9 o livre-arb\u00edtrio e ningu\u00e9m interv\u00e9m nisso, nem mesmo Deus. Ningu\u00e9m vai p\u00f4r um freio no ser humano e pux\u00e1-lo para qualquer lugar. Talvez, o que est\u00e3o pleiteando fazer agora possa ter resultado, mas teme-se as rea\u00e7\u00f5es das cabe\u00e7as dos homens, especialmente aqueles que possuem mando e recheados de armas. Esses pensam apenas no poder. Se destruir o planeta n\u00e3o importa, fui eu que apertou o primeiro bot\u00e3o, mesmo estando no mais profundo dos infernos, a do outro lado da vida. Esta est\u00e1 sendo nossa sina atual, viver sempre com medo que, de repente, acenda-se um solo sobre nossas cabe\u00e7as, sendo apenas mais uma bomba nuclear sendo explodida para romper o poder de insanos, enviados por outros insanos que se julga imortais, mas, mesmo assim, ser\u00e3o atingidos tamb\u00e9m. O que se espalha pelo ar ser\u00e1 respirado por todos.<\/p>\n","protected":false},"excerpt":{"rendered":"<p>14\/04\/2023 Da forma que se desenrola a atividade e os atos dos homens, d\u00e1 para dizer que somente um milagre poderia resolver essa quest\u00e3o da evolu\u00e7\u00e3o do ser humano para a quinta dimens\u00e3o. Quanto mais se adianta no tempo, menos condi\u00e7\u00f5es de, por sua pr\u00f3pria vontade, se preocupar com algo que n\u00e3o conhece, n\u00e3o sabe [&hellip;]<\/p>\n","protected":false},"author":1,"featured_media":0,"comment_status":"open","ping_status":"open","sticky":false,"template":"","format":"standard","meta":{"_mi_skip_tracking":false},"categories":[34],"tags":[],"_links":{"self":[{"href":"https:\/\/www.miguelfaccio.com.br\/blog\/index.php\/wp-json\/wp\/v2\/posts\/19929"}],"collection":[{"href":"https:\/\/www.miguelfaccio.com.br\/blog\/index.php\/wp-json\/wp\/v2\/posts"}],"about":[{"href":"https:\/\/www.miguelfaccio.com.br\/blog\/index.php\/wp-json\/wp\/v2\/types\/post"}],"author":[{"embeddable":true,"href":"https:\/\/www.miguelfaccio.com.br\/blog\/index.php\/wp-json\/wp\/v2\/users\/1"}],"replies":[{"embeddable":true,"href":"https:\/\/www.miguelfaccio.com.br\/blog\/index.php\/wp-json\/wp\/v2\/comments?post=19929"}],"version-history":[{"count":1,"href":"https:\/\/www.miguelfaccio.com.br\/blog\/index.php\/wp-json\/wp\/v2\/posts\/19929\/revisions"}],"predecessor-version":[{"id":19930,"href":"https:\/\/www.miguelfaccio.com.br\/blog\/index.php\/wp-json\/wp\/v2\/posts\/19929\/revisions\/19930"}],"wp:attachment":[{"href":"https:\/\/www.miguelfaccio.com.br\/blog\/index.php\/wp-json\/wp\/v2\/media?parent=19929"}],"wp:term":[{"taxonomy":"category","embeddable":true,"href":"https:\/\/www.miguelfaccio.com.br\/blog\/index.php\/wp-json\/wp\/v2\/categories?post=19929"},{"taxonomy":"post_tag","embeddable":true,"href":"https:\/\/www.miguelfaccio.com.br\/blog\/index.php\/wp-json\/wp\/v2\/tags?post=19929"}],"curies":[{"name":"wp","href":"https:\/\/api.w.org\/{rel}","templated":true}]}}