{"id":19921,"date":"2025-09-22T08:44:37","date_gmt":"2025-09-22T11:44:37","guid":{"rendered":"https:\/\/www.miguelfaccio.com.br\/blog\/?p=19921"},"modified":"2025-09-22T08:44:42","modified_gmt":"2025-09-22T11:44:42","slug":"plv4224-livro-28-diario-12-04-2023","status":"publish","type":"post","link":"https:\/\/www.miguelfaccio.com.br\/blog\/index.php\/plv4224-livro-28-diario-12-04-2023\/","title":{"rendered":"PLV4224 \u2013 Livro 28 \u2013 Di\u00e1rio, 12\/04\/2023"},"content":{"rendered":"\n<p class=\"has-text-align-right\"><strong>12\/04\/2023<\/strong><\/p>\n\n\n\n<p>Sempre se paga caro as irresponsabilidades de nosso agir e pensar. A Terra, por si s\u00f3 j\u00e1 estaria na quinta dimens\u00e3o, mas tendo que limpar-se de tanta energia negativa que o ser humano impingiu sobre ela, que lhe est\u00e1 sendo pesado queimar toda essa insanidade praticada durante a exist\u00eancia do homem sobre o planeta. Com \u00e9 dif\u00edcil fazer o ser humano agir dentro da sabedoria. Sabe que o seu corpo dura pouco, seu tempo \u00e9 muito limitado se comparado ao mundo espiritual. Sabe que \u00e9 formado do p\u00f3 da Terra e soprado sobre si o sopro divino. Sequer cogita que seu sofrimento \u00e9 previamente dos resgates que seu esp\u00edrito precisa fazer. No entanto, n\u00e3o pode ser diferente, no contexto do universo, pois cada um carrega o que \u00e9 seu. Se est\u00e1 carregando dificuldades, esfor\u00e7a-te para libertar-se dela. Se est\u00e1 carregando a paz, esfor\u00e7a-te por mant\u00ea-la. Te ajuda muito saber que \u00e9 a \u201csemeadura\u201d que \u201ca semeadura \u00e9 livre, mas a colheita \u00e9 obrigat\u00f3ria\u201d. Em outras palavras, tudo o que fizeres, falares ou pensares, retornar\u00e3o novamente a ti. \u00c9 isso que ser\u00e1 impingido sobre tuas costas, pelo universo, para que colhas aquilo que plantou no passado, porque, queira ou n\u00e3o, tu tamb\u00e9m \u00e9s eterno. Podes n\u00e3o entender, podes n\u00e3o aceitar, podes duvidar, porque assim como a lua gira entorno da Terra e a Terra entorno do sol, tudo \u00e9 estabelecido pela lei universal, que n\u00e3o pede licen\u00e7a e nem aceita\u00e7\u00e3o para exercer sua finalidade que \u00e9 limpar o universo de tanta energia negativa.<\/p>\n","protected":false},"excerpt":{"rendered":"<p>12\/04\/2023 Sempre se paga caro as irresponsabilidades de nosso agir e pensar. A Terra, por si s\u00f3 j\u00e1 estaria na quinta dimens\u00e3o, mas tendo que limpar-se de tanta energia negativa que o ser humano impingiu sobre ela, que lhe est\u00e1 sendo pesado queimar toda essa insanidade praticada durante a exist\u00eancia do homem sobre o planeta. [&hellip;]<\/p>\n","protected":false},"author":1,"featured_media":0,"comment_status":"open","ping_status":"open","sticky":false,"template":"","format":"standard","meta":{"_mi_skip_tracking":false},"categories":[34],"tags":[],"_links":{"self":[{"href":"https:\/\/www.miguelfaccio.com.br\/blog\/index.php\/wp-json\/wp\/v2\/posts\/19921"}],"collection":[{"href":"https:\/\/www.miguelfaccio.com.br\/blog\/index.php\/wp-json\/wp\/v2\/posts"}],"about":[{"href":"https:\/\/www.miguelfaccio.com.br\/blog\/index.php\/wp-json\/wp\/v2\/types\/post"}],"author":[{"embeddable":true,"href":"https:\/\/www.miguelfaccio.com.br\/blog\/index.php\/wp-json\/wp\/v2\/users\/1"}],"replies":[{"embeddable":true,"href":"https:\/\/www.miguelfaccio.com.br\/blog\/index.php\/wp-json\/wp\/v2\/comments?post=19921"}],"version-history":[{"count":1,"href":"https:\/\/www.miguelfaccio.com.br\/blog\/index.php\/wp-json\/wp\/v2\/posts\/19921\/revisions"}],"predecessor-version":[{"id":19922,"href":"https:\/\/www.miguelfaccio.com.br\/blog\/index.php\/wp-json\/wp\/v2\/posts\/19921\/revisions\/19922"}],"wp:attachment":[{"href":"https:\/\/www.miguelfaccio.com.br\/blog\/index.php\/wp-json\/wp\/v2\/media?parent=19921"}],"wp:term":[{"taxonomy":"category","embeddable":true,"href":"https:\/\/www.miguelfaccio.com.br\/blog\/index.php\/wp-json\/wp\/v2\/categories?post=19921"},{"taxonomy":"post_tag","embeddable":true,"href":"https:\/\/www.miguelfaccio.com.br\/blog\/index.php\/wp-json\/wp\/v2\/tags?post=19921"}],"curies":[{"name":"wp","href":"https:\/\/api.w.org\/{rel}","templated":true}]}}