{"id":19919,"date":"2025-09-21T08:53:51","date_gmt":"2025-09-21T11:53:51","guid":{"rendered":"https:\/\/www.miguelfaccio.com.br\/blog\/?p=19919"},"modified":"2025-09-21T08:53:54","modified_gmt":"2025-09-21T11:53:54","slug":"rcd4169-raios-ou-chamas","status":"publish","type":"post","link":"https:\/\/www.miguelfaccio.com.br\/blog\/index.php\/rcd4169-raios-ou-chamas\/","title":{"rendered":"RCD4169 Raios ou Chamas"},"content":{"rendered":"\n<p class=\"has-text-align-right\"><strong>MENSAGENS DE JAV\u00e9<\/strong><\/p>\n\n\n\n<p>Nova mensagem&nbsp; marcio 18 setembro 2025 \u00e0(s) 20:37<\/p>\n\n\n\n<p>Boa noite!<\/p>\n\n\n\n<p>O que sei \u00e9 que meses \u00e0 frente uma forte corrente de poeira c\u00f3smica passara entre a Terra e o Sol.<\/p>\n\n\n\n<p>Desta forma a luz solar sumira por dias, nada de mais acontecer\u00e1 para voc\u00eas, assim se cumprira os tr\u00eas dias de escurid\u00e3o.<\/p>\n\n\n\n<p>Mas antes deste acontecimento est\u00e1 o 3I Atlas que pousara em Marte e ficara a assistir tudo que vai acontecer com voc\u00eas ai na Terra.<\/p>\n\n\n\n<p>Marcio, n\u00e3o resta muito o que dizer, \u00e9 esperar o desenrolar para ver como fica.<\/p>\n\n\n\n<p>Sr, se 3I Atlas pousar em Marte ele n\u00e3o se aproximara da Terra como me foi dito dias atr\u00e1s.<\/p>\n\n\n\n<p>Marcio, ofere\u00e7o minha cara a tapa se falei algo assim, ou\u00e7a, n\u00e3o quero que se sinta mal, o que sei \u00e9 que mesmo pousando em Marte amanh\u00e3 esta nave parte para Terra.<\/p>\n\n\n\n<p>S\u00f3 n\u00e3o sei dizer se pousara na Terra ou fara apenas um rasante da Terra.<\/p>\n\n\n\n<p>Vamos aguardar porque eles que habitam no 3I Atlas possuem livre arb\u00edtrio e podem mudar de dire\u00e7\u00e3o.<\/p>\n\n\n\n<p>Fiquem na paz<\/p>\n\n\n\n<p>JAV\u00e9.<\/p>\n\n\n\n<p>&#8230;<\/p>\n\n\n\n<p>Pessoal falo aqui o que ou\u00e7o, pode ser boi na linha.<\/p>\n","protected":false},"excerpt":{"rendered":"<p>MENSAGENS DE JAV\u00e9 Nova mensagem&nbsp; marcio 18 setembro 2025 \u00e0(s) 20:37 Boa noite! O que sei \u00e9 que meses \u00e0 frente uma forte corrente de poeira c\u00f3smica passara entre a Terra e o Sol. Desta forma a luz solar sumira por dias, nada de mais acontecer\u00e1 para voc\u00eas, assim se cumprira os tr\u00eas dias de [&hellip;]<\/p>\n","protected":false},"author":1,"featured_media":0,"comment_status":"open","ping_status":"open","sticky":false,"template":"","format":"standard","meta":{"_mi_skip_tracking":false},"categories":[3],"tags":[],"_links":{"self":[{"href":"https:\/\/www.miguelfaccio.com.br\/blog\/index.php\/wp-json\/wp\/v2\/posts\/19919"}],"collection":[{"href":"https:\/\/www.miguelfaccio.com.br\/blog\/index.php\/wp-json\/wp\/v2\/posts"}],"about":[{"href":"https:\/\/www.miguelfaccio.com.br\/blog\/index.php\/wp-json\/wp\/v2\/types\/post"}],"author":[{"embeddable":true,"href":"https:\/\/www.miguelfaccio.com.br\/blog\/index.php\/wp-json\/wp\/v2\/users\/1"}],"replies":[{"embeddable":true,"href":"https:\/\/www.miguelfaccio.com.br\/blog\/index.php\/wp-json\/wp\/v2\/comments?post=19919"}],"version-history":[{"count":1,"href":"https:\/\/www.miguelfaccio.com.br\/blog\/index.php\/wp-json\/wp\/v2\/posts\/19919\/revisions"}],"predecessor-version":[{"id":19920,"href":"https:\/\/www.miguelfaccio.com.br\/blog\/index.php\/wp-json\/wp\/v2\/posts\/19919\/revisions\/19920"}],"wp:attachment":[{"href":"https:\/\/www.miguelfaccio.com.br\/blog\/index.php\/wp-json\/wp\/v2\/media?parent=19919"}],"wp:term":[{"taxonomy":"category","embeddable":true,"href":"https:\/\/www.miguelfaccio.com.br\/blog\/index.php\/wp-json\/wp\/v2\/categories?post=19919"},{"taxonomy":"post_tag","embeddable":true,"href":"https:\/\/www.miguelfaccio.com.br\/blog\/index.php\/wp-json\/wp\/v2\/tags?post=19919"}],"curies":[{"name":"wp","href":"https:\/\/api.w.org\/{rel}","templated":true}]}}