{"id":19916,"date":"2025-09-21T08:47:18","date_gmt":"2025-09-21T11:47:18","guid":{"rendered":"https:\/\/www.miguelfaccio.com.br\/blog\/?p=19916"},"modified":"2025-09-21T08:47:21","modified_gmt":"2025-09-21T11:47:21","slug":"plv4223-livro-28-diario-11-04-2023","status":"publish","type":"post","link":"https:\/\/www.miguelfaccio.com.br\/blog\/index.php\/plv4223-livro-28-diario-11-04-2023\/","title":{"rendered":"PLV4223 \u2013 Livro 28 \u2013 Di\u00e1rio, 11\/04\/2023"},"content":{"rendered":"\n<p class=\"has-text-align-right\"><strong>11\/04\/2023<\/strong><\/p>\n\n\n\n<p>Os encontros e desencontros que temos com nossos irm\u00e3os encarnados serve para polir arestas resultantes de, talvez, mesmas situa\u00e7\u00f5es do passado, quando os mesmos esp\u00edritos habitavam outros corpos. Parece que em todo o tempo de exist\u00eancia da Terra, essa sina belicosa implantou-se na raiz dos seres humanos que, parece, n\u00e3o cansam de brigar. N\u00e3o sei se ouve na hist\u00f3ria da Terra algum per\u00edodo onde o que vicejava era o amor, a benqueren\u00e7a, o bom trato para com todos. Parece-me que o tom principal de todas as civiliza\u00e7\u00f5es, de que algo se conhece, teve um princ\u00edpio belicoso que impulsionava a guerra. Precisa-se ter em mente que este \u00e9 um planeta de provas e expia\u00e7\u00f5es, onde sobrev\u00e9m qualquer princ\u00edpio de resgates existentes ligados ao esp\u00edrito encarnado e, este precisa polir suas arestas para poder ascensionar e, precisa do corpo humano para executar essa tarefa, que, muitas vezes at\u00e9 \u00e9 dolorosa. Nas en\u00e9simas vezes que o esp\u00edrito, ora encarnado, j\u00e1 viveu em outros corpos \u00e9 inc\u00f3gnito, mas com certeza, sempre houve, talvez em parte, a necessidade de apaziguar-se com seus irm\u00e3os e isso ajuda-o a experienciar os conhecimentos que precisa para evoluir. Todo o esp\u00edrito que busca a luz precisa ter tamb\u00e9m o desejo de se limpar de seus carmas, resultantes de pensamentos, de palavras e de obras dos corpos em que j\u00e1 habitou.<\/p>\n","protected":false},"excerpt":{"rendered":"<p>11\/04\/2023 Os encontros e desencontros que temos com nossos irm\u00e3os encarnados serve para polir arestas resultantes de, talvez, mesmas situa\u00e7\u00f5es do passado, quando os mesmos esp\u00edritos habitavam outros corpos. Parece que em todo o tempo de exist\u00eancia da Terra, essa sina belicosa implantou-se na raiz dos seres humanos que, parece, n\u00e3o cansam de brigar. N\u00e3o [&hellip;]<\/p>\n","protected":false},"author":1,"featured_media":0,"comment_status":"open","ping_status":"open","sticky":false,"template":"","format":"standard","meta":{"_mi_skip_tracking":false},"categories":[34],"tags":[],"_links":{"self":[{"href":"https:\/\/www.miguelfaccio.com.br\/blog\/index.php\/wp-json\/wp\/v2\/posts\/19916"}],"collection":[{"href":"https:\/\/www.miguelfaccio.com.br\/blog\/index.php\/wp-json\/wp\/v2\/posts"}],"about":[{"href":"https:\/\/www.miguelfaccio.com.br\/blog\/index.php\/wp-json\/wp\/v2\/types\/post"}],"author":[{"embeddable":true,"href":"https:\/\/www.miguelfaccio.com.br\/blog\/index.php\/wp-json\/wp\/v2\/users\/1"}],"replies":[{"embeddable":true,"href":"https:\/\/www.miguelfaccio.com.br\/blog\/index.php\/wp-json\/wp\/v2\/comments?post=19916"}],"version-history":[{"count":1,"href":"https:\/\/www.miguelfaccio.com.br\/blog\/index.php\/wp-json\/wp\/v2\/posts\/19916\/revisions"}],"predecessor-version":[{"id":19917,"href":"https:\/\/www.miguelfaccio.com.br\/blog\/index.php\/wp-json\/wp\/v2\/posts\/19916\/revisions\/19917"}],"wp:attachment":[{"href":"https:\/\/www.miguelfaccio.com.br\/blog\/index.php\/wp-json\/wp\/v2\/media?parent=19916"}],"wp:term":[{"taxonomy":"category","embeddable":true,"href":"https:\/\/www.miguelfaccio.com.br\/blog\/index.php\/wp-json\/wp\/v2\/categories?post=19916"},{"taxonomy":"post_tag","embeddable":true,"href":"https:\/\/www.miguelfaccio.com.br\/blog\/index.php\/wp-json\/wp\/v2\/tags?post=19916"}],"curies":[{"name":"wp","href":"https:\/\/api.w.org\/{rel}","templated":true}]}}