{"id":19912,"date":"2025-09-20T08:40:07","date_gmt":"2025-09-20T11:40:07","guid":{"rendered":"https:\/\/www.miguelfaccio.com.br\/blog\/?p=19912"},"modified":"2025-09-20T08:40:10","modified_gmt":"2025-09-20T11:40:10","slug":"plv4222-livro-28-diario-10-04-2023","status":"publish","type":"post","link":"https:\/\/www.miguelfaccio.com.br\/blog\/index.php\/plv4222-livro-28-diario-10-04-2023\/","title":{"rendered":"PLV4222 \u2013 Livro 28 \u2013 Di\u00e1rio, 10\/04\/2023"},"content":{"rendered":"\n<p class=\"has-text-align-right\"><strong>10\/04\/2023<\/strong><\/p>\n\n\n\n<p>Jesus at\u00e9 est\u00e1 novamente vivo, seu corpo f\u00edsico, pois a ess\u00eancia, o esp\u00edrito nunca morre. N\u00e3o deixa de ser, tamb\u00e9m, a demonstra\u00e7\u00e3o que quando o espirito alcan\u00e7ar um certo n\u00edvel evolutivo, o corpo acompanhar\u00e1 o esp\u00edrito para a eternidade. O corpo \u00e9 para todos os esp\u00edritos um instrumento tempor\u00e1rio, mas, quando o esp\u00edrito estiver pronto para ascensionar, isto \u00e9, passar para uma faixa superior de energia, o corpo sobe junto, deixando sua densidade f\u00edsica, para tornar-se leve como uma pluma que precisar\u00e1 apenas do pensamento para deslocar deslocar-se pelo universo. Quando o corpo se torna um bom instrumento do esp\u00edrito, facilita-lhe conseguir amealhar e experienciar os conhecimentos que o leva a completar sua evolu\u00e7\u00e3o na terceira dimens\u00e3o. Para si, n\u00e3o ter\u00e1 mais nada a fazer, ent\u00e3o sobe com seu corpo um degrau evolutivo, possibilitando uma nova vis\u00e3o de universo, conseguindo entender as engrenagens que o fazem existir como o conjunto de todos os seres existentes. Daqueles que rec\u00e9m-sa\u00eddos do pensamento de Deus. Daqueles que est\u00e3o engatinhando ainda, evolutivamente falando. Daqueles que j\u00e1 conseguem criar atrav\u00e9s de seus pensamentos, mas precisam de um corpo f\u00edsico que intermedeie com a mat\u00e9ria. Daqueles que j\u00e1 desligados da mat\u00e9ria conseguem criar aquilo que desejam. Daqueles que j\u00e1 ascensionaram. Daqueles que se desenvolveram mais e j\u00e1 alcan\u00e7aram o status de Deuses e comandam parcelas do universo, pequenas ou grandes, n\u00e3o importa. O que importa \u00e9 que todos que vivem no universo formam com o Deus Uno o \u201cSomos Todos Um\u201d.<\/p>\n","protected":false},"excerpt":{"rendered":"<p>10\/04\/2023 Jesus at\u00e9 est\u00e1 novamente vivo, seu corpo f\u00edsico, pois a ess\u00eancia, o esp\u00edrito nunca morre. N\u00e3o deixa de ser, tamb\u00e9m, a demonstra\u00e7\u00e3o que quando o espirito alcan\u00e7ar um certo n\u00edvel evolutivo, o corpo acompanhar\u00e1 o esp\u00edrito para a eternidade. O corpo \u00e9 para todos os esp\u00edritos um instrumento tempor\u00e1rio, mas, quando o esp\u00edrito estiver [&hellip;]<\/p>\n","protected":false},"author":1,"featured_media":0,"comment_status":"open","ping_status":"open","sticky":false,"template":"","format":"standard","meta":{"_mi_skip_tracking":false},"categories":[34],"tags":[],"_links":{"self":[{"href":"https:\/\/www.miguelfaccio.com.br\/blog\/index.php\/wp-json\/wp\/v2\/posts\/19912"}],"collection":[{"href":"https:\/\/www.miguelfaccio.com.br\/blog\/index.php\/wp-json\/wp\/v2\/posts"}],"about":[{"href":"https:\/\/www.miguelfaccio.com.br\/blog\/index.php\/wp-json\/wp\/v2\/types\/post"}],"author":[{"embeddable":true,"href":"https:\/\/www.miguelfaccio.com.br\/blog\/index.php\/wp-json\/wp\/v2\/users\/1"}],"replies":[{"embeddable":true,"href":"https:\/\/www.miguelfaccio.com.br\/blog\/index.php\/wp-json\/wp\/v2\/comments?post=19912"}],"version-history":[{"count":1,"href":"https:\/\/www.miguelfaccio.com.br\/blog\/index.php\/wp-json\/wp\/v2\/posts\/19912\/revisions"}],"predecessor-version":[{"id":19913,"href":"https:\/\/www.miguelfaccio.com.br\/blog\/index.php\/wp-json\/wp\/v2\/posts\/19912\/revisions\/19913"}],"wp:attachment":[{"href":"https:\/\/www.miguelfaccio.com.br\/blog\/index.php\/wp-json\/wp\/v2\/media?parent=19912"}],"wp:term":[{"taxonomy":"category","embeddable":true,"href":"https:\/\/www.miguelfaccio.com.br\/blog\/index.php\/wp-json\/wp\/v2\/categories?post=19912"},{"taxonomy":"post_tag","embeddable":true,"href":"https:\/\/www.miguelfaccio.com.br\/blog\/index.php\/wp-json\/wp\/v2\/tags?post=19912"}],"curies":[{"name":"wp","href":"https:\/\/api.w.org\/{rel}","templated":true}]}}