{"id":19910,"date":"2025-09-19T08:18:38","date_gmt":"2025-09-19T11:18:38","guid":{"rendered":"https:\/\/www.miguelfaccio.com.br\/blog\/?p=19910"},"modified":"2025-09-19T08:18:45","modified_gmt":"2025-09-19T11:18:45","slug":"rcd4167-raios-ou-chamas","status":"publish","type":"post","link":"https:\/\/www.miguelfaccio.com.br\/blog\/index.php\/rcd4167-raios-ou-chamas\/","title":{"rendered":"RCD4167 Raios ou Chamas"},"content":{"rendered":"\n<p class=\"has-text-align-right\"><strong>Saint Germain <br>Atrav\u00e9s de Chellea Wilder<\/strong><\/p>\n\n\n\n<p>VOC\u00ca EST\u00c1 PRESTES A TESTEMUNHAR UM \u00caXODO<\/p>\n\n\n\n<p>continua\u00e7\u00e3o<\/p>\n\n\n\n<p>\u00c0 medida que voc\u00ea passa por uma mudan\u00e7a em sua perspectiva, \u00e9 essencial reconhecer que sua realidade tamb\u00e9m deve mudar em conjunto com sua compreens\u00e3o em evolu\u00e7\u00e3o.<\/p>\n\n\n\n<p>\u00c0 medida que voc\u00ea come\u00e7a a ver e reconhecer verdades mais profundas, voc\u00ea integra essa sabedoria rec\u00e9m-descoberta em seu ser, o que, subsequentemente, ajusta sua realidade para se alinhar a essa consci\u00eancia expandida.<\/p>\n\n\n\n<p>\u00c0 medida que sua perspectiva interna da verdade muda, sua perspectiva externa tamb\u00e9m muda, manifestando-se como transforma\u00e7\u00f5es tang\u00edveis em sua vida. Essas mudan\u00e7as podem se manifestar em v\u00e1rios dom\u00ednios, como mudan\u00e7as em suas carreiras, reavalia\u00e7\u00f5es de planos de vida ou altera\u00e7\u00f5es em relacionamentos pessoais.<\/p>\n\n\n\n<p>Sua realidade est\u00e1 se expandindo para acomodar sua nova consci\u00eancia, permitindo que voc\u00ea abrace uma exist\u00eancia mais aut\u00eantica que ressoe com seu verdadeiro eu.<\/p>\n\n\n\n<p>\u00c0 medida que mais indiv\u00edduos despertam para a verdade e se alinham com as frequ\u00eancias mais elevadas, a consci\u00eancia coletiva se transforma, criando um efeito cascata que influencia o mundo ao seu redor.<\/p>\n\n\n\n<p>Voc\u00ea n\u00e3o est\u00e1 sozinho nesse processo; muitos est\u00e3o vivenciando despertares semelhantes, levando a uma eleva\u00e7\u00e3o coletiva da consci\u00eancia que, em \u00faltima an\u00e1lise, remodelar\u00e1 a sociedade como um todo.<\/p>\n\n\n\n<p>Prepare-se para as mudan\u00e7as que surgir\u00e3o, pois elas s\u00e3o sinais do seu crescimento e do desdobramento de uma nova realidade que o aguarda. A jornada pode ser desafiadora, mas tamb\u00e9m est\u00e1 repleta de oportunidades para profunda transforma\u00e7\u00e3o e liberta\u00e7\u00e3o das restri\u00e7\u00f5es do passado.<\/p>\n\n\n\n<p>Agora compartilho com voc\u00ea a Chama Violeta; permita que ela abra seus olhos para todas as coisas que estiveram ocultas de voc\u00ea. Permita que ela seja um escudo protetor enquanto voc\u00ea atravessa a jornada em dire\u00e7\u00e3o a uma nova realidade. Que ela seja um farol para elev\u00e1-lo, em sua pr\u00f3pria verdade.<\/p>\n\n\n\n<p>Que a paz e o amor estejam com voc\u00ea.<\/p>\n\n\n\n<p>~ Eu Sou Saint Germain<\/p>\n\n\n\n<p>Formata\u00e7\u00e3o e tradu\u00e7\u00e3o \u2013 Blog De Cora\u00e7\u00e3o a Cora\u00e7\u00e3o<\/p>\n\n\n\n<figure class=\"wp-block-embed\"><div class=\"wp-block-embed__wrapper\">\nhttp:\/\/www.decoracaoacoracao.blog.br\/\n<\/div><\/figure>\n\n\n\n<figure class=\"wp-block-embed\"><div class=\"wp-block-embed__wrapper\">\nhttp:\/\/stelalecocq.blogspot.com\n<\/div><\/figure>\n\n\n\n<figure class=\"wp-block-embed\"><div class=\"wp-block-embed__wrapper\">\nhttps:\/\/lecocq.wordpress.com\n<\/div><\/figure>\n\n\n\n<p>Instagram \u2013 @blogdecoracaoacoracao<\/p>\n\n\n\n<p>Informa\u00e7\u00f5es e Agendamentos para Mesa Qu\u00e2ntica Estelar, Mesa Pet, Mesa Qu\u00e2ntica 2.0, Florais de Bach, Sistema Regenerador Ashtariano, Sistema Arcturiano de Cura Multidimensional \u2013 lecocqmuller@gmail.com<\/p>\n\n\n\n<p>E-book \u201cMensagens dos Mestres \u2013 De Cora\u00e7\u00e3o a Cora\u00e7\u00e3o\u201d \u2013 https:\/\/mensagensdosmestres.blogspot.com\/<\/p>\n\n\n\n<p>UniversalLighthouse.com<\/p>\n\n\n\n<p>Respeite todos os cr\u00e9ditos ao compartilhar<\/p>\n\n\n\n<p>LUZ!<\/p>\n\n\n\n<p>STELA<\/p>\n","protected":false},"excerpt":{"rendered":"<p>Saint Germain Atrav\u00e9s de Chellea Wilder VOC\u00ca EST\u00c1 PRESTES A TESTEMUNHAR UM \u00caXODO continua\u00e7\u00e3o \u00c0 medida que voc\u00ea passa por uma mudan\u00e7a em sua perspectiva, \u00e9 essencial reconhecer que sua realidade tamb\u00e9m deve mudar em conjunto com sua compreens\u00e3o em evolu\u00e7\u00e3o. \u00c0 medida que voc\u00ea come\u00e7a a ver e reconhecer verdades mais profundas, voc\u00ea integra [&hellip;]<\/p>\n","protected":false},"author":1,"featured_media":0,"comment_status":"open","ping_status":"open","sticky":false,"template":"","format":"standard","meta":{"_mi_skip_tracking":false},"categories":[3],"tags":[],"_links":{"self":[{"href":"https:\/\/www.miguelfaccio.com.br\/blog\/index.php\/wp-json\/wp\/v2\/posts\/19910"}],"collection":[{"href":"https:\/\/www.miguelfaccio.com.br\/blog\/index.php\/wp-json\/wp\/v2\/posts"}],"about":[{"href":"https:\/\/www.miguelfaccio.com.br\/blog\/index.php\/wp-json\/wp\/v2\/types\/post"}],"author":[{"embeddable":true,"href":"https:\/\/www.miguelfaccio.com.br\/blog\/index.php\/wp-json\/wp\/v2\/users\/1"}],"replies":[{"embeddable":true,"href":"https:\/\/www.miguelfaccio.com.br\/blog\/index.php\/wp-json\/wp\/v2\/comments?post=19910"}],"version-history":[{"count":1,"href":"https:\/\/www.miguelfaccio.com.br\/blog\/index.php\/wp-json\/wp\/v2\/posts\/19910\/revisions"}],"predecessor-version":[{"id":19911,"href":"https:\/\/www.miguelfaccio.com.br\/blog\/index.php\/wp-json\/wp\/v2\/posts\/19910\/revisions\/19911"}],"wp:attachment":[{"href":"https:\/\/www.miguelfaccio.com.br\/blog\/index.php\/wp-json\/wp\/v2\/media?parent=19910"}],"wp:term":[{"taxonomy":"category","embeddable":true,"href":"https:\/\/www.miguelfaccio.com.br\/blog\/index.php\/wp-json\/wp\/v2\/categories?post=19910"},{"taxonomy":"post_tag","embeddable":true,"href":"https:\/\/www.miguelfaccio.com.br\/blog\/index.php\/wp-json\/wp\/v2\/tags?post=19910"}],"curies":[{"name":"wp","href":"https:\/\/api.w.org\/{rel}","templated":true}]}}