{"id":19904,"date":"2025-09-18T08:54:46","date_gmt":"2025-09-18T11:54:46","guid":{"rendered":"https:\/\/www.miguelfaccio.com.br\/blog\/?p=19904"},"modified":"2025-09-18T08:54:50","modified_gmt":"2025-09-18T11:54:50","slug":"plv4220-livro-28-diario-08-04-2023","status":"publish","type":"post","link":"https:\/\/www.miguelfaccio.com.br\/blog\/index.php\/plv4220-livro-28-diario-08-04-2023\/","title":{"rendered":"PLV4220 \u2013 Livro 28 \u2013 Di\u00e1rio, 08\/04\/2023"},"content":{"rendered":"\n<p class=\"has-text-align-right\"><strong>08\/04\/2023<\/strong><\/p>\n\n\n\n<p>Nada surgiu do acaso no universo. Tudo tem um princ\u00edpio, um desenvolvimento para chegar a um fim programado. Ent\u00e3o, d\u00e1 para dizer que tudo segue uma rota determinada para cada ser. Essa rota precisa ser cumprida. J\u00e1 est\u00e1 impresso em cada DNA esse objetivo a alcan\u00e7ar. No correr do espa\u00e7o\/tempo para alcan\u00e7ar esse objetivo, v\u00e3o muitos percal\u00e7os que correspondem \u00e0s nossas cria\u00e7\u00f5es pelos pensamentos, pelas palavras e pelas obras, porque, tudo o que saiu de cada um a ele voltar\u00e1. Somente ficam no universo at\u00e9 serem exorcizadas, quitadas ou queimadas pelo Fogo da Chama Violeta que \u00e9 a \u00fanica coisa externa que pode, at\u00e9, extinguir o carma. Sabemos que carma \u00e9 a soma daquilo que fizemos e n\u00e3o se enquadram na lei maior. Assim, como nada surgiu do acaso, no universo, os problemas que temos neste nosso caminho sobre a terra, tamb\u00e9m surgiu de algu\u00e9m. Assim como Deus \u00e9 justo, bom e s\u00e1bia, jamais ir\u00e1 cobrar de outrem aquilo que devemos. Sempre, absolutamente sempre o resgate ser\u00e1 feito pelo pr\u00f3prio ser. N\u00e3o podemos aqui filosofar sobre o corpo f\u00edsico, porque ele \u00e9 apenas um instrumento do esp\u00edrito, sobre o qual recai as consequ\u00eancias de seus atos insanos e dos que o esp\u00edrito carrega de seus corpos anteriores. \u00c9 preciso estabelecer uma verdade, o corpo, em realidade n\u00e3o sofre, quem sofre \u00e9 o esp\u00edrito que d\u00e1 vida aquele corpo.<\/p>\n","protected":false},"excerpt":{"rendered":"<p>08\/04\/2023 Nada surgiu do acaso no universo. Tudo tem um princ\u00edpio, um desenvolvimento para chegar a um fim programado. Ent\u00e3o, d\u00e1 para dizer que tudo segue uma rota determinada para cada ser. Essa rota precisa ser cumprida. J\u00e1 est\u00e1 impresso em cada DNA esse objetivo a alcan\u00e7ar. No correr do espa\u00e7o\/tempo para alcan\u00e7ar esse objetivo, [&hellip;]<\/p>\n","protected":false},"author":1,"featured_media":0,"comment_status":"open","ping_status":"open","sticky":false,"template":"","format":"standard","meta":{"_mi_skip_tracking":false},"categories":[34],"tags":[],"_links":{"self":[{"href":"https:\/\/www.miguelfaccio.com.br\/blog\/index.php\/wp-json\/wp\/v2\/posts\/19904"}],"collection":[{"href":"https:\/\/www.miguelfaccio.com.br\/blog\/index.php\/wp-json\/wp\/v2\/posts"}],"about":[{"href":"https:\/\/www.miguelfaccio.com.br\/blog\/index.php\/wp-json\/wp\/v2\/types\/post"}],"author":[{"embeddable":true,"href":"https:\/\/www.miguelfaccio.com.br\/blog\/index.php\/wp-json\/wp\/v2\/users\/1"}],"replies":[{"embeddable":true,"href":"https:\/\/www.miguelfaccio.com.br\/blog\/index.php\/wp-json\/wp\/v2\/comments?post=19904"}],"version-history":[{"count":1,"href":"https:\/\/www.miguelfaccio.com.br\/blog\/index.php\/wp-json\/wp\/v2\/posts\/19904\/revisions"}],"predecessor-version":[{"id":19905,"href":"https:\/\/www.miguelfaccio.com.br\/blog\/index.php\/wp-json\/wp\/v2\/posts\/19904\/revisions\/19905"}],"wp:attachment":[{"href":"https:\/\/www.miguelfaccio.com.br\/blog\/index.php\/wp-json\/wp\/v2\/media?parent=19904"}],"wp:term":[{"taxonomy":"category","embeddable":true,"href":"https:\/\/www.miguelfaccio.com.br\/blog\/index.php\/wp-json\/wp\/v2\/categories?post=19904"},{"taxonomy":"post_tag","embeddable":true,"href":"https:\/\/www.miguelfaccio.com.br\/blog\/index.php\/wp-json\/wp\/v2\/tags?post=19904"}],"curies":[{"name":"wp","href":"https:\/\/api.w.org\/{rel}","templated":true}]}}