{"id":19896,"date":"2025-09-13T11:28:36","date_gmt":"2025-09-13T14:28:36","guid":{"rendered":"https:\/\/www.miguelfaccio.com.br\/blog\/?p=19896"},"modified":"2025-09-13T11:28:38","modified_gmt":"2025-09-13T14:28:38","slug":"rcd4164-raios-ou-chamas","status":"publish","type":"post","link":"https:\/\/www.miguelfaccio.com.br\/blog\/index.php\/rcd4164-raios-ou-chamas\/","title":{"rendered":"RCD4164 Raios ou Chamas"},"content":{"rendered":"\n<p class=\"has-text-align-right\"><strong>KRYON <br>Atrav\u00e9s de Lee Carroll<\/strong><\/p>\n\n\n\n<p>DIRETRIZ PRINCIPAL PARA A HUMANIDADE<\/p>\n\n\n\n<p>continua\u00e7\u00e3o<\/p>\n\n\n\n<p>Ent\u00e3o, vou lhe contar outra parte da diretriz de honrar o plano da sua alma, que n\u00e3o se dirige aos humanos que o honram, mas aos humanos que ficaram. Entenda por que alguns deles tiveram que partir e veja por que est\u00e1 na fase de planejamento que este planeta ser\u00e1 melhor por causa disso.<\/p>\n\n\n\n<p>Meu parceiro recebeu essa mensagem e n\u00e3o gostou quando um bom amigo dele, um mentor, um curador, e n\u00e3o um senhor mais velho, faleceu. E o que ele deixou para tr\u00e1s foi tristeza e todas as coisas que a acompanham, e isso n\u00e3o fazia sentido, j\u00e1 que tudo o que meu parceiro conseguia ver era toda a cura que ele poderia ter feito pelos pr\u00f3ximos vinte ou trinta anos se tivesse conseguido ficar. Ele era poderoso.<\/p>\n\n\n\n<p>E meu parceiro ent\u00e3o ficou zangado com Deus. \u201cPor qu\u00ea? Por que voc\u00ea levou o Sid? Qual foi o racioc\u00ednio inconceb\u00edvel que meu parceiro disse que levaria este cavalheiro que tinha tanto a dar e causaria tanta tristeza quando ele fosse embora?\u201d<\/p>\n\n\n\n<p>E a resposta que dei ao meu parceiro no chuveiro foi esta: dei-lhe uma vis\u00e3o. Dei-lhe uma vis\u00e3o da pr\u00f3xima vida do meu parceiro em outro continente, sob a tutela e a mentoria de um mestre que ele reconheceu como Sid. E ent\u00e3o meu parceiro entendeu.<\/p>\n\n\n\n<p>O que est\u00e1 por vir voc\u00eas n\u00e3o sabem. Estes s\u00e3o os potenciais do que chamar\u00edamos de bola de neve rolando ladeira abaixo para um planeta em ascens\u00e3o e todas as coisas em processo e o que discutimos com voc\u00eas para as esperan\u00e7as de outro continente que est\u00e1 apenas repousando na velha energia no momento, que pode ser aquele que brilhar\u00e1 mais intensamente em cinquenta anos. E \u00e9 para l\u00e1 que ele ir\u00e1 em seguida, para crescer, conhecer meu parceiro e me tornar seu professor, para que meu parceiro possa ensinar quando ele retornar.<\/p>\n\n\n\n<p>Isto \u00e9 um arranjo. Chama-se arranjo de alma, e para faz\u00ea-lo, e no momento certo, este homem teve que sair cedo e voltar r\u00e1pido para que tivesse a idade certa, fazendo as coisas certas, participando das revolu\u00e7\u00f5es que viriam e que o colocariam no lugar perfeito, at\u00e9 mesmo politicamente, para ter e ser capaz de manifestar o que est\u00e1 por vir, do qual voc\u00eas n\u00e3o t\u00eam ideia. Mostrei isso ao meu parceiro e foi a\u00ed que ele entendeu.<\/p>\n\n\n\n<p>Houve outros em sua vida, mesmo recentemente, que se foram, alguns de forma inapropriada, outros talvez por n\u00e3o haver problema algum por terem aquela idade, mas ele sempre pergunta: \u201cEste \u00e9 um daqueles? Este \u00e9 um daqueles?\u201d<\/p>\n\n\n\n<p>E muitas vezes a resposta era: \u201c\u00c9 claro que sim. Esta \u00e9 a fam\u00edlia que voc\u00ea encontrar\u00e1 quando voltar, que est\u00e1 preparando o caminho para o que voc\u00ea far\u00e1 a seguir.\u201d Ent\u00e3o, talvez tenha sido uma doce tristeza, e ele compreendeu o plano e o amor, talvez at\u00e9 a beleza que havia em tal lugar.<\/p>\n\n\n\n<p>A Primeira Diretriz \u00e9 honrar o contrato da sua alma, claro, mas mais do que isso. Honrar os contratos da alma daqueles que partiram cedo, quando voc\u00eas podem torcer as m\u00e3os e gritar: \u201cPor qu\u00ea? Por que agora? Por que isso \u00e9 necess\u00e1rio?\u201d E eu acabei de lhes dar a resposta. N\u00e3o \u00e9 algo que voc\u00eas queriam ouvir, Queridos, porque voc\u00eas s\u00e3o seres humanos sens\u00edveis e amorosos.<\/p>\n\n\n\n<p>A Primeira Diretriz \u00e9 sobre permanecer no planeta para aqueles que est\u00e3o aqui e precisam continuar ensinando, e tamb\u00e9m para honrar os contratos de alma daqueles que partem cedo e entendem que voc\u00eas os ver\u00e3o novamente. Voc\u00eas estar\u00e3o juntos como uma fam\u00edlia. Voc\u00eas mudar\u00e3o este planeta de maneiras que nem imaginam com sua consci\u00eancia, com suas cren\u00e7as, com suas ideias sobre o que estar\u00e1 l\u00e1.<\/p>\n\n\n\n<p>H\u00e1 mais aqui do que voc\u00ea imagina. Falo com um planeta em uma energia mais antiga, em uma mudan\u00e7a onde a luz est\u00e1 come\u00e7ando a vencer, e digo que daqui a 50 ou 60 anos voc\u00eas talvez nem reconhe\u00e7am um planeta que est\u00e1 come\u00e7ando a se curar, que n\u00e3o consideraria a guerra e que tem uma estrutura pol\u00edtica totalmente diferente, que de fato se d\u00e1 bem. H\u00e1 esperan\u00e7a aqui.<\/p>\n\n\n\n<p>Quero que voc\u00ea sinta isso, sorria e saiba que \u00e9 muito amado e que seu nome \u00e9 conhecido por Deus. \u00c9 verdade. Voc\u00ea nunca est\u00e1 sozinho.<\/p>\n\n\n\n<p>E assim \u00e9.<\/p>\n\n\n\n<p>~ Kryon<\/p>\n\n\n\n<p>Formata\u00e7\u00e3o e tradu\u00e7\u00e3o \u2013 Blog De Cora\u00e7\u00e3o a Cora\u00e7\u00e3o<\/p>\n\n\n\n<figure class=\"wp-block-embed\"><div class=\"wp-block-embed__wrapper\">\nhttp:\/\/www.decoracaoacoracao.blog.br\/\n<\/div><\/figure>\n\n\n\n<figure class=\"wp-block-embed\"><div class=\"wp-block-embed__wrapper\">\nhttp:\/\/stelalecocq.blogspot.com\n<\/div><\/figure>\n\n\n\n<figure class=\"wp-block-embed\"><div class=\"wp-block-embed__wrapper\">\nhttps:\/\/lecocq.wordpress.com\n<\/div><\/figure>\n\n\n\n<p>Instagram \u2013 @blogdecoracaoacoracao<\/p>\n\n\n\n<p>Informa\u00e7\u00f5es e Agendamentos para Mesa Qu\u00e2ntica Estelar, Mesa Pet, Mesa Qu\u00e2ntica 2.0, Florais de Bach, Sistema Regenerador Ashtariano, Sistema Arcturiano de Cura Multidimensional \u2013 lecocqmuller@gmail.com<\/p>\n\n\n\n<p>E-book \u201cMensagens dos Mestres \u2013 De Cora\u00e7\u00e3o a Cora\u00e7\u00e3o\u201d \u2013 https:\/\/mensagensdosmestres.blogspot.com\/<\/p>\n\n\n\n<figure class=\"wp-block-embed\"><div class=\"wp-block-embed__wrapper\">\nhttp:\/\/kryon.com\/\n<\/div><\/figure>\n\n\n\n<p>Respeite todos os cr\u00e9ditos ao compartilhar<\/p>\n\n\n\n<p>LUZ!<\/p>\n\n\n\n<p>STELA<\/p>\n","protected":false},"excerpt":{"rendered":"<p>KRYON Atrav\u00e9s de Lee Carroll DIRETRIZ PRINCIPAL PARA A HUMANIDADE continua\u00e7\u00e3o Ent\u00e3o, vou lhe contar outra parte da diretriz de honrar o plano da sua alma, que n\u00e3o se dirige aos humanos que o honram, mas aos humanos que ficaram. Entenda por que alguns deles tiveram que partir e veja por que est\u00e1 na fase [&hellip;]<\/p>\n","protected":false},"author":1,"featured_media":0,"comment_status":"open","ping_status":"open","sticky":false,"template":"","format":"standard","meta":{"_mi_skip_tracking":false},"categories":[3],"tags":[],"_links":{"self":[{"href":"https:\/\/www.miguelfaccio.com.br\/blog\/index.php\/wp-json\/wp\/v2\/posts\/19896"}],"collection":[{"href":"https:\/\/www.miguelfaccio.com.br\/blog\/index.php\/wp-json\/wp\/v2\/posts"}],"about":[{"href":"https:\/\/www.miguelfaccio.com.br\/blog\/index.php\/wp-json\/wp\/v2\/types\/post"}],"author":[{"embeddable":true,"href":"https:\/\/www.miguelfaccio.com.br\/blog\/index.php\/wp-json\/wp\/v2\/users\/1"}],"replies":[{"embeddable":true,"href":"https:\/\/www.miguelfaccio.com.br\/blog\/index.php\/wp-json\/wp\/v2\/comments?post=19896"}],"version-history":[{"count":1,"href":"https:\/\/www.miguelfaccio.com.br\/blog\/index.php\/wp-json\/wp\/v2\/posts\/19896\/revisions"}],"predecessor-version":[{"id":19897,"href":"https:\/\/www.miguelfaccio.com.br\/blog\/index.php\/wp-json\/wp\/v2\/posts\/19896\/revisions\/19897"}],"wp:attachment":[{"href":"https:\/\/www.miguelfaccio.com.br\/blog\/index.php\/wp-json\/wp\/v2\/media?parent=19896"}],"wp:term":[{"taxonomy":"category","embeddable":true,"href":"https:\/\/www.miguelfaccio.com.br\/blog\/index.php\/wp-json\/wp\/v2\/categories?post=19896"},{"taxonomy":"post_tag","embeddable":true,"href":"https:\/\/www.miguelfaccio.com.br\/blog\/index.php\/wp-json\/wp\/v2\/tags?post=19896"}],"curies":[{"name":"wp","href":"https:\/\/api.w.org\/{rel}","templated":true}]}}