{"id":19890,"date":"2025-09-12T09:19:08","date_gmt":"2025-09-12T12:19:08","guid":{"rendered":"https:\/\/www.miguelfaccio.com.br\/blog\/?p=19890"},"modified":"2025-09-12T09:19:11","modified_gmt":"2025-09-12T12:19:11","slug":"plv4217-livro-28-diario-05-04-2023","status":"publish","type":"post","link":"https:\/\/www.miguelfaccio.com.br\/blog\/index.php\/plv4217-livro-28-diario-05-04-2023\/","title":{"rendered":"PLV4217 \u2013 Livro 28 \u2013 Di\u00e1rio, 05\/04\/2023"},"content":{"rendered":"\n<p class=\"has-text-align-right\"><strong>05\/04\/2023<\/strong><\/p>\n\n\n\n<p>At\u00e9 parece que o ser humano atual vive s\u00f3 e isolado da humanidade que o rodeia. \u00c9 simples constatar isso. Cada um s\u00f3 vive para si, age como se n\u00e3o existisse mais ningu\u00e9m \u00e0 sua volta. \u00c9 dif\u00edcil v\u00ea-lo encaixar-se em alguma coisa que beneficia os outros, porque seus atos s\u00f3 somam para si. N\u00e3o vive de forma greg\u00e1ria, utiliza o greg\u00e1rio para si, para satisfazer especialmente seu ego e seu orgulho. Seu tempo, n\u00e3o empresta aos outros, usa o dos outros. Sua consci\u00eancia n\u00e3o se expande para a a\u00e7ambarcar o universo, para reconhecer-se como um ser que vive, na realidade, em dois mundos ao mesmo tempo. Enquanto seu corpo est\u00e1 desperto, vive no mundo material, o mundo, as coisas da mat\u00e9ria, onde faz as experiencia\u00e7\u00f5es de seu conhecimento. Quando o corpo est\u00e1 dormindo chegou a hora de viver em seu habitat, que \u00e9 o mundo espiritual. O quociente f\u00edsico de seu corpo, n\u00e3o consegue intelectualizar essa importante situa\u00e7\u00e3o em que vive. Ser formado por dois princ\u00edpios o material e o espiritual. Ser dois, mas viver somente em um. Especialmente a juventude desta civiliza\u00e7\u00e3o est\u00e1 afeta muito a ser dona da verdade, aquilo que conseguiu gravar-se em seu consciente, o torna dono da verdade, mesmo que tenha sido a mais berrante mentira, recheada mais por contundente fal\u00e1cia que foi capaz de prend\u00ea-lo em sua pr\u00f3pria ignor\u00e2ncia, pois foi incapaz de sopesar os pr\u00f3s e os contra da informa\u00e7\u00e3o que recebeu. N\u00e3o tinha par\u00e2metros de compara\u00e7\u00e3o.<\/p>\n","protected":false},"excerpt":{"rendered":"<p>05\/04\/2023 At\u00e9 parece que o ser humano atual vive s\u00f3 e isolado da humanidade que o rodeia. \u00c9 simples constatar isso. Cada um s\u00f3 vive para si, age como se n\u00e3o existisse mais ningu\u00e9m \u00e0 sua volta. \u00c9 dif\u00edcil v\u00ea-lo encaixar-se em alguma coisa que beneficia os outros, porque seus atos s\u00f3 somam para si. [&hellip;]<\/p>\n","protected":false},"author":1,"featured_media":0,"comment_status":"open","ping_status":"open","sticky":false,"template":"","format":"standard","meta":{"_mi_skip_tracking":false},"categories":[34],"tags":[],"_links":{"self":[{"href":"https:\/\/www.miguelfaccio.com.br\/blog\/index.php\/wp-json\/wp\/v2\/posts\/19890"}],"collection":[{"href":"https:\/\/www.miguelfaccio.com.br\/blog\/index.php\/wp-json\/wp\/v2\/posts"}],"about":[{"href":"https:\/\/www.miguelfaccio.com.br\/blog\/index.php\/wp-json\/wp\/v2\/types\/post"}],"author":[{"embeddable":true,"href":"https:\/\/www.miguelfaccio.com.br\/blog\/index.php\/wp-json\/wp\/v2\/users\/1"}],"replies":[{"embeddable":true,"href":"https:\/\/www.miguelfaccio.com.br\/blog\/index.php\/wp-json\/wp\/v2\/comments?post=19890"}],"version-history":[{"count":1,"href":"https:\/\/www.miguelfaccio.com.br\/blog\/index.php\/wp-json\/wp\/v2\/posts\/19890\/revisions"}],"predecessor-version":[{"id":19891,"href":"https:\/\/www.miguelfaccio.com.br\/blog\/index.php\/wp-json\/wp\/v2\/posts\/19890\/revisions\/19891"}],"wp:attachment":[{"href":"https:\/\/www.miguelfaccio.com.br\/blog\/index.php\/wp-json\/wp\/v2\/media?parent=19890"}],"wp:term":[{"taxonomy":"category","embeddable":true,"href":"https:\/\/www.miguelfaccio.com.br\/blog\/index.php\/wp-json\/wp\/v2\/categories?post=19890"},{"taxonomy":"post_tag","embeddable":true,"href":"https:\/\/www.miguelfaccio.com.br\/blog\/index.php\/wp-json\/wp\/v2\/tags?post=19890"}],"curies":[{"name":"wp","href":"https:\/\/api.w.org\/{rel}","templated":true}]}}