{"id":19886,"date":"2025-09-11T10:43:46","date_gmt":"2025-09-11T13:43:46","guid":{"rendered":"https:\/\/www.miguelfaccio.com.br\/blog\/?p=19886"},"modified":"2025-09-11T10:43:48","modified_gmt":"2025-09-11T13:43:48","slug":"plv4216-livro-28-diario-04-04-2023","status":"publish","type":"post","link":"https:\/\/www.miguelfaccio.com.br\/blog\/index.php\/plv4216-livro-28-diario-04-04-2023\/","title":{"rendered":"PLV4216 \u2013 Livro 28 \u2013 Di\u00e1rio, 04\/04\/2023"},"content":{"rendered":"\n<p class=\"has-text-align-right\"><strong>04\/04\/2023<\/strong><\/p>\n\n\n\n<p>Ou universo n\u00e3o \u00e9 uma linha reta, nem mesmo uma curva. O universo \u00e9 um ser din\u00e2mico que tem a capacidade de criar-se e recriar-se sobre as cria\u00e7\u00f5es dos seres humanos, especialmente aqueles que ainda vinculados \u00e0 mat\u00e9ria e em terceira dimens\u00e3o que utilizando seus pensamentos criam e depois precisam ressarcir (que na realidade \u00e9 um recriar), porque nada poder\u00e1 permanecer eternamente sem que seja de alguma forma revertida aquela energia que lhe causou um resgate, um ressarcir, um carma. Na realidade Deus n\u00e3o perdoa nada, o perd\u00e3o est\u00e1 na extin\u00e7\u00e3o de nossos malfeitos. O perd\u00e3o est\u00e1 tamb\u00e9m em n\u00e3o repetir o mesmo erro. O perd\u00e3o \u00e9 a corre\u00e7\u00e3o de nossos pensamentos, nossas palavras e nossos atos, que geram as energias que precisam ser resgatadas. Se n\u00e3o houver essa tomada de posi\u00e7\u00e3o, enfrentar as causas dessas energias, n\u00e3o haver\u00e1 perd\u00e3o. O melhor exemplo para isso \u00e9 a passagem do Evangelho em que apresentam para Jesus uma ad\u00faltera. O que disse Jesus \u00e0 ad\u00faltera? \u201c<em>Ningu\u00e9m te condenou? Eu tamb\u00e9m n\u00e3o te condeno, vai e n\u00e3o peques mais<\/em>\u201d. Aqui est\u00e1 o segredo da vida. Errar, todo mundo erra, mas, a solu\u00e7\u00e3o est\u00e1 na mudan\u00e7a dos atos, na tomada de consci\u00eancia de que n\u00e3o somos meramente um amontoado de carne e ossos que logo ali adiante vai para o cemit\u00e9rio, mas um ser espiritual que se esconde atr\u00e1s desse corpo para evoluir. No momento em que isso fizemos, estaremos criando e recriando o universo, porque ele \u00e9 regido pelas energias e que emitimos.<\/p>\n","protected":false},"excerpt":{"rendered":"<p>04\/04\/2023 Ou universo n\u00e3o \u00e9 uma linha reta, nem mesmo uma curva. O universo \u00e9 um ser din\u00e2mico que tem a capacidade de criar-se e recriar-se sobre as cria\u00e7\u00f5es dos seres humanos, especialmente aqueles que ainda vinculados \u00e0 mat\u00e9ria e em terceira dimens\u00e3o que utilizando seus pensamentos criam e depois precisam ressarcir (que na realidade [&hellip;]<\/p>\n","protected":false},"author":1,"featured_media":0,"comment_status":"open","ping_status":"open","sticky":false,"template":"","format":"standard","meta":{"_mi_skip_tracking":false},"categories":[34],"tags":[],"_links":{"self":[{"href":"https:\/\/www.miguelfaccio.com.br\/blog\/index.php\/wp-json\/wp\/v2\/posts\/19886"}],"collection":[{"href":"https:\/\/www.miguelfaccio.com.br\/blog\/index.php\/wp-json\/wp\/v2\/posts"}],"about":[{"href":"https:\/\/www.miguelfaccio.com.br\/blog\/index.php\/wp-json\/wp\/v2\/types\/post"}],"author":[{"embeddable":true,"href":"https:\/\/www.miguelfaccio.com.br\/blog\/index.php\/wp-json\/wp\/v2\/users\/1"}],"replies":[{"embeddable":true,"href":"https:\/\/www.miguelfaccio.com.br\/blog\/index.php\/wp-json\/wp\/v2\/comments?post=19886"}],"version-history":[{"count":1,"href":"https:\/\/www.miguelfaccio.com.br\/blog\/index.php\/wp-json\/wp\/v2\/posts\/19886\/revisions"}],"predecessor-version":[{"id":19887,"href":"https:\/\/www.miguelfaccio.com.br\/blog\/index.php\/wp-json\/wp\/v2\/posts\/19886\/revisions\/19887"}],"wp:attachment":[{"href":"https:\/\/www.miguelfaccio.com.br\/blog\/index.php\/wp-json\/wp\/v2\/media?parent=19886"}],"wp:term":[{"taxonomy":"category","embeddable":true,"href":"https:\/\/www.miguelfaccio.com.br\/blog\/index.php\/wp-json\/wp\/v2\/categories?post=19886"},{"taxonomy":"post_tag","embeddable":true,"href":"https:\/\/www.miguelfaccio.com.br\/blog\/index.php\/wp-json\/wp\/v2\/tags?post=19886"}],"curies":[{"name":"wp","href":"https:\/\/api.w.org\/{rel}","templated":true}]}}