{"id":19884,"date":"2025-09-10T09:16:41","date_gmt":"2025-09-10T12:16:41","guid":{"rendered":"https:\/\/www.miguelfaccio.com.br\/blog\/?p=19884"},"modified":"2025-09-10T09:16:49","modified_gmt":"2025-09-10T12:16:49","slug":"rcd4161-raios-ou-chamas","status":"publish","type":"post","link":"https:\/\/www.miguelfaccio.com.br\/blog\/index.php\/rcd4161-raios-ou-chamas\/","title":{"rendered":"RCD4161 Raios ou Chamas"},"content":{"rendered":"\n<p class=\"has-text-align-right\"><strong>Thymus: O Coletivo de Mestres Ascensionados <br>Atrav\u00e9s de Daniel Scranton<\/strong><\/p>\n\n\n\n<p>UMA NOVA LINHA DE TEMPO<\/p>\n\n\n\n<p>05 de setembro de 2025<\/p>\n\n\n\n<p>B\u00ean\u00e7\u00e3os.<\/p>\n\n\n\n<p>N\u00f3s Somos Thymus.<\/p>\n\n\n\n<p>N\u00f3s Somos O Coletivo de Mestres Ascensionados.<\/p>\n\n\n\n<p>Voc\u00ea pode perceber, pela forma como se sente a cada momento, se h\u00e1 algo que precisa ser mudado dentro de voc\u00ea. Sabemos que a resposta t\u00edpica de um ser humano \u00e9 tentar consertar o que est\u00e1 acontecendo externamente para mudar a maneira como essa pessoa se sente internamente.<\/p>\n\n\n\n<p>E talvez voc\u00ea fa\u00e7a certas mudan\u00e7as. Talvez voc\u00ea mova um objeto ou se mova, mas antes de tomar qualquer atitude, \u00e9 sempre uma boa ideia se alinhar com a sua Fonte.<\/p>\n\n\n\n<p>Sua Fonte, que tamb\u00e9m \u00e9 a nossa Fonte, v\u00ea o momento t\u00e3o perfeito quanto ele \u00e9, criou o momento para ser exatamente o que \u00e9 e, portanto, se voc\u00ea estiver observando algo em sua experi\u00eancia de um momento e encontrar falhas nele, a primeira mudan\u00e7a a ser feita \u00e9 dentro de voc\u00ea.<\/p>\n\n\n\n<p>Voc\u00ea quer mudar a si mesmo e mudar sua perspectiva para que possa, pelo menos, chegar a um lugar de aceita\u00e7\u00e3o do que est\u00e1 vivenciando e, ent\u00e3o, permitir que a\u00e7\u00f5es inspiradas aconte\u00e7am atrav\u00e9s de voc\u00ea, mas n\u00e3o dependa apenas dessas a\u00e7\u00f5es para mudar a maneira como voc\u00ea se sente por dentro.<\/p>\n\n\n\n<p>Voc\u00ea n\u00e3o quer se apegar \u00e0 resist\u00eancia, e quando n\u00e3o est\u00e1 em aceita\u00e7\u00e3o, voc\u00ea est\u00e1 em resist\u00eancia a ela. E assim, se voc\u00ea fizer uma mudan\u00e7a na realidade externa antes de mudar o que est\u00e1 acontecendo dentro de voc\u00ea, ent\u00e3o sim, voc\u00ea pode se mover para uma realidade diferente com circunst\u00e2ncias diferentes, mas voc\u00ea ainda estar\u00e1 carregando sua resist\u00eancia dentro de voc\u00ea.<\/p>\n\n\n\n<p>Agora, quando voc\u00ea olha para o seu passado nesta vida, voc\u00ea tamb\u00e9m pode examin\u00e1-lo atrav\u00e9s de uma nova lente. \u00c9 assim que voc\u00ea faz as pazes com o seu passado e supera o trauma.<\/p>\n\n\n\n<p>Voc\u00ea n\u00e3o precisa se referir ao seu passado como traum\u00e1tico, mesmo que, ao faz\u00ea-lo, voc\u00ea provavelmente receba alguma aten\u00e7\u00e3o e alguma simpatia, mas n\u00e3o lhe serve ver o seu passado como traum\u00e1tico.<\/p>\n\n\n\n<p>N\u00e3o estamos dizendo que voc\u00ea precisa pular de alegria no cora\u00e7\u00e3o ao pensar no seu passado, mas voc\u00ea tamb\u00e9m precisa reservar um tempo para reformular seu passado e aproveitar ao m\u00e1ximo o que viveu.<\/p>\n\n\n\n<p>Voc\u00ea aproveita ao m\u00e1ximo o que viveu em um passado de abuso perdoando as pessoas envolvidas, e n\u00e3o precisa ser algo t\u00e3o grave para que voc\u00ea mude a maneira como encara o passado que viveu.<\/p>\n\n\n\n<p>Em outras palavras, voc\u00ea pode sentir arrependimento por n\u00e3o ter dito algo a algu\u00e9m. Voc\u00ea pode mudar isso e reconhecer que agora \u00e9 mais prov\u00e1vel que diga o que precisa dizer porque teve essa experi\u00eancia.<\/p>\n\n\n\n<p>E, portanto, essa experi\u00eancia lhe serviu, e voc\u00ea pode aben\u00e7o\u00e1-la e a si mesmo por ter se disposto a passar por essa experi\u00eancia para se tornar a pessoa que \u00e9 hoje.<\/p>\n\n\n\n<p>Essas pequenas mudan\u00e7as e transforma\u00e7\u00f5es que voc\u00eas fazem dentro de si mudam tudo, e isso inclui seu futuro, sua linha do tempo, sua sa\u00fade e bem-estar, e seu estado atual de ser, que \u00e9 algo em que gostar\u00edamos que voc\u00eas se concentrassem.<\/p>\n\n\n\n<p>Concentrem-se em como se sentem, se gostam de como se sentem e no que precisa ser mudado dentro de voc\u00eas para que possam mudar o momento em que est\u00e3o, mudando a si mesmos. E, novamente, voc\u00eas podem fazer quaisquer mudan\u00e7as que desejarem, fisicamente, por meio da a\u00e7\u00e3o.<\/p>\n\n\n\n<p>Acreditem em n\u00f3s quando dizemos que, depois de abandonar sua resist\u00eancia ao momento em que est\u00e3o, \u00e9 muito mais prov\u00e1vel que voc\u00eas tomem uma a\u00e7\u00e3o inspirada que ter\u00e1 o tipo de resultado que desejam experimentar.<\/p>\n\n\n\n<p>\u00c9 s\u00f3 por enquanto.<\/p>\n\n\n\n<p>N\u00f3s somos Thymus.<\/p>\n\n\n\n<p>~ Somos O Coletivo de Mestres Ascensionados e estamos sempre entre voc\u00eas<\/p>\n\n\n\n<p>Formata\u00e7\u00e3o e tradu\u00e7\u00e3o \u2013 Blog De Cora\u00e7\u00e3o a Cora\u00e7\u00e3o<\/p>\n\n\n\n<figure class=\"wp-block-embed\"><div class=\"wp-block-embed__wrapper\">\nhttp:\/\/www.decoracaoacoracao.blog.br\/\n<\/div><\/figure>\n\n\n\n<figure class=\"wp-block-embed\"><div class=\"wp-block-embed__wrapper\">\nhttp:\/\/stelalecocq.blogspot.com\n<\/div><\/figure>\n\n\n\n<figure class=\"wp-block-embed\"><div class=\"wp-block-embed__wrapper\">\nhttps:\/\/lecocq.wordpress.com\n<\/div><\/figure>\n\n\n\n<p>Instagram \u2013 @blogdecoracaoacoracao<\/p>\n\n\n\n<p>Informa\u00e7\u00f5es e Agendamentos para Mesa Qu\u00e2ntica Estelar, Mesa Pet, Mesa Qu\u00e2ntica 2.0, Florais de Bach, Sistema Regenerador Ashtariano, Sistema Arcturiano de Cura Multidimensional \u2013 lecocqmuller@gmail.com<\/p>\n\n\n\n<p>E-book \u201cMensagens dos Mestres \u2013 De Cora\u00e7\u00e3o a Cora\u00e7\u00e3o\u201d \u2013 https:\/\/mensagensdosmestres.blogspot.com\/<\/p>\n\n\n\n<figure class=\"wp-block-embed\"><div class=\"wp-block-embed__wrapper\">\nhttps:\/\/danielscranton.com\/\n<\/div><\/figure>\n\n\n\n<p>Respeite todos os cr\u00e9ditos ao compartilhar<\/p>\n\n\n\n<p>LUZ!<\/p>\n\n\n\n<p>STELA<\/p>\n","protected":false},"excerpt":{"rendered":"<p>Thymus: O Coletivo de Mestres Ascensionados Atrav\u00e9s de Daniel Scranton UMA NOVA LINHA DE TEMPO 05 de setembro de 2025 B\u00ean\u00e7\u00e3os. N\u00f3s Somos Thymus. N\u00f3s Somos O Coletivo de Mestres Ascensionados. Voc\u00ea pode perceber, pela forma como se sente a cada momento, se h\u00e1 algo que precisa ser mudado dentro de voc\u00ea. Sabemos que a [&hellip;]<\/p>\n","protected":false},"author":1,"featured_media":0,"comment_status":"open","ping_status":"open","sticky":false,"template":"","format":"standard","meta":{"_mi_skip_tracking":false},"categories":[3],"tags":[],"_links":{"self":[{"href":"https:\/\/www.miguelfaccio.com.br\/blog\/index.php\/wp-json\/wp\/v2\/posts\/19884"}],"collection":[{"href":"https:\/\/www.miguelfaccio.com.br\/blog\/index.php\/wp-json\/wp\/v2\/posts"}],"about":[{"href":"https:\/\/www.miguelfaccio.com.br\/blog\/index.php\/wp-json\/wp\/v2\/types\/post"}],"author":[{"embeddable":true,"href":"https:\/\/www.miguelfaccio.com.br\/blog\/index.php\/wp-json\/wp\/v2\/users\/1"}],"replies":[{"embeddable":true,"href":"https:\/\/www.miguelfaccio.com.br\/blog\/index.php\/wp-json\/wp\/v2\/comments?post=19884"}],"version-history":[{"count":1,"href":"https:\/\/www.miguelfaccio.com.br\/blog\/index.php\/wp-json\/wp\/v2\/posts\/19884\/revisions"}],"predecessor-version":[{"id":19885,"href":"https:\/\/www.miguelfaccio.com.br\/blog\/index.php\/wp-json\/wp\/v2\/posts\/19884\/revisions\/19885"}],"wp:attachment":[{"href":"https:\/\/www.miguelfaccio.com.br\/blog\/index.php\/wp-json\/wp\/v2\/media?parent=19884"}],"wp:term":[{"taxonomy":"category","embeddable":true,"href":"https:\/\/www.miguelfaccio.com.br\/blog\/index.php\/wp-json\/wp\/v2\/categories?post=19884"},{"taxonomy":"post_tag","embeddable":true,"href":"https:\/\/www.miguelfaccio.com.br\/blog\/index.php\/wp-json\/wp\/v2\/tags?post=19884"}],"curies":[{"name":"wp","href":"https:\/\/api.w.org\/{rel}","templated":true}]}}