{"id":19881,"date":"2025-09-10T09:12:52","date_gmt":"2025-09-10T12:12:52","guid":{"rendered":"https:\/\/www.miguelfaccio.com.br\/blog\/?p=19881"},"modified":"2025-09-10T09:12:55","modified_gmt":"2025-09-10T12:12:55","slug":"plv4215-livro-28-diario-03-04-2023","status":"publish","type":"post","link":"https:\/\/www.miguelfaccio.com.br\/blog\/index.php\/plv4215-livro-28-diario-03-04-2023\/","title":{"rendered":"PLV4215 \u2013 Livro 28 \u2013 Di\u00e1rio, 03\/04\/2023"},"content":{"rendered":"\n<p class=\"has-text-align-right\"><strong>03\/04\/2023<\/strong><\/p>\n\n\n\n<p>Tudo evolui, tudo tende a evoluir, pois isso \u00e9 uma lei universal. Nada permanecer\u00e1 estacionado no ber\u00e7o que o viu nascer, sem contar o reino onde viu a luz pela primeira vez, onde foi individualizado pelo Deus Uno Pai\/M\u00e3e. Cada ser criado recebeu a incumb\u00eancia: crescer e multiplicar seus conhecimentos. Muitas vezes, sem mesmo a consci\u00eancia que est\u00e1 crescendo, cresce, lentamente evolui. Quando a consci\u00eancia do ser humano toma conhecimento que est\u00e1 crescendo? Muitas vezes se n\u00e3o lhes disserem, nem nota. N\u00e3o se assustem, pelo que vou dizer: todos os seres do universo t\u00eam intelig\u00eancia e consci\u00eancia, at\u00e9 mesmo o mais simples \u00e1tomo. N\u00f3s \u00e9 que gostamos de selecionar consci\u00eancia e intelig\u00eancia somente dentro de nossos par\u00e2metros, que s\u00e3o bitolados tanto quanto os que os gabaritam, e, at\u00e9 a ponto de julgar que somos os \u00fanicos seres inteligentes no universo. Esta \u00e9 uma linda, mas imbecil forma de ver, entender, conhecer e estudar o universo. Mas, como tudo cresce, evolui, livremente, sem a press\u00e3o do tempo e, ao seu pr\u00f3prio tempo, chegar\u00e1 ao momento em que estar\u00e1 pleno. Esse espa\u00e7o cria\u00e7\u00e3o\/planifica\u00e7\u00e3o sempre ser\u00e1 mais curto ou longo de acordo com a consci\u00eancia e o entendimento que esse espa\u00e7o, depende de nossa op\u00e7\u00e3o, esfor\u00e7o, vontade de conseguir vencer. Nada \u00e9 imposs\u00edvel porque aquele que nos individualizou, tamb\u00e9m nos rege, nos cuida, nos assiste, mas, sem nos carregar nas costas.<\/p>\n","protected":false},"excerpt":{"rendered":"<p>03\/04\/2023 Tudo evolui, tudo tende a evoluir, pois isso \u00e9 uma lei universal. Nada permanecer\u00e1 estacionado no ber\u00e7o que o viu nascer, sem contar o reino onde viu a luz pela primeira vez, onde foi individualizado pelo Deus Uno Pai\/M\u00e3e. Cada ser criado recebeu a incumb\u00eancia: crescer e multiplicar seus conhecimentos. Muitas vezes, sem mesmo [&hellip;]<\/p>\n","protected":false},"author":1,"featured_media":0,"comment_status":"open","ping_status":"open","sticky":false,"template":"","format":"standard","meta":{"_mi_skip_tracking":false},"categories":[34],"tags":[],"_links":{"self":[{"href":"https:\/\/www.miguelfaccio.com.br\/blog\/index.php\/wp-json\/wp\/v2\/posts\/19881"}],"collection":[{"href":"https:\/\/www.miguelfaccio.com.br\/blog\/index.php\/wp-json\/wp\/v2\/posts"}],"about":[{"href":"https:\/\/www.miguelfaccio.com.br\/blog\/index.php\/wp-json\/wp\/v2\/types\/post"}],"author":[{"embeddable":true,"href":"https:\/\/www.miguelfaccio.com.br\/blog\/index.php\/wp-json\/wp\/v2\/users\/1"}],"replies":[{"embeddable":true,"href":"https:\/\/www.miguelfaccio.com.br\/blog\/index.php\/wp-json\/wp\/v2\/comments?post=19881"}],"version-history":[{"count":1,"href":"https:\/\/www.miguelfaccio.com.br\/blog\/index.php\/wp-json\/wp\/v2\/posts\/19881\/revisions"}],"predecessor-version":[{"id":19882,"href":"https:\/\/www.miguelfaccio.com.br\/blog\/index.php\/wp-json\/wp\/v2\/posts\/19881\/revisions\/19882"}],"wp:attachment":[{"href":"https:\/\/www.miguelfaccio.com.br\/blog\/index.php\/wp-json\/wp\/v2\/media?parent=19881"}],"wp:term":[{"taxonomy":"category","embeddable":true,"href":"https:\/\/www.miguelfaccio.com.br\/blog\/index.php\/wp-json\/wp\/v2\/categories?post=19881"},{"taxonomy":"post_tag","embeddable":true,"href":"https:\/\/www.miguelfaccio.com.br\/blog\/index.php\/wp-json\/wp\/v2\/tags?post=19881"}],"curies":[{"name":"wp","href":"https:\/\/api.w.org\/{rel}","templated":true}]}}