{"id":19879,"date":"2025-09-09T08:38:29","date_gmt":"2025-09-09T11:38:29","guid":{"rendered":"https:\/\/www.miguelfaccio.com.br\/blog\/?p=19879"},"modified":"2025-09-09T08:38:32","modified_gmt":"2025-09-09T11:38:32","slug":"rcd4160-raios-ou-chamas","status":"publish","type":"post","link":"https:\/\/www.miguelfaccio.com.br\/blog\/index.php\/rcd4160-raios-ou-chamas\/","title":{"rendered":"RCD4160 Raios ou Chamas"},"content":{"rendered":"\n<p class=\"has-text-align-right\"><strong>Mensagem dos Anjos <br>Atrav\u00e9s de Ann Albers<\/strong><\/p>\n\n\n\n<p>IMAGINEM SEU MUNDO\u2026<\/p>\n\n\n\n<p>continua\u00e7\u00e3o<\/p>\n\n\n\n<p>Perdoe-os. Eles n\u00e3o sabiam o que faziam.<\/p>\n\n\n\n<p>E perdoe a si mesmo por carregar a dor deles muito al\u00e9m dos momentos, anos ou d\u00e9cadas em que ela foi sentida.<\/p>\n\n\n\n<p>E ent\u00e3o perceba que o perd\u00e3o nem \u00e9 necess\u00e1rio. Tudo o que \u00e9 necess\u00e1rio para se reconectar com sua verdadeira, poderosa e amorosa ess\u00eancia \u00e9 um momento de disposi\u00e7\u00e3o para abra\u00e7ar o amor no presente.<\/p>\n\n\n\n<p>Aqui e agora, coloque as m\u00e3os sobre o cora\u00e7\u00e3o e afirme:<\/p>\n\n\n\n<p>Eu aceito que o esp\u00edrito da vida e do amor vive dentro de mim.<\/p>\n\n\n\n<p>Aceito que sou amado pelo poder que cria mundos.<\/p>\n\n\n\n<p>Aceito que, independentemente de me considerar uma boa pessoa ou n\u00e3o, tenho anjos e um Criador que sabem que sou.<\/p>\n\n\n\n<p>Aceito que sou bom o suficiente, mesmo enquanto me expando para mais.<\/p>\n\n\n\n<p>Agora escolho respirar fundo e receber o amor que quer se derramar em mim, me ajudar, me guiar e me animar.<\/p>\n\n\n\n<p>Escolho ser gentil comigo mesmo.<\/p>\n\n\n\n<p>Escolho o amor.<\/p>\n\n\n\n<p>Queridas almas, voc\u00eas s\u00e3o dignas deste amor. Voc\u00eas nasceram dignas, e nada que tenham feito \u2014 ou deixado de fazer \u2014 pode tirar isso de voc\u00eas. Sua perspectiva \u00e9 v\u00e1lida para voc\u00eas. Seus sentimentos sobre o que \u00e9 bom ou n\u00e3o para voc\u00eas s\u00e3o verdadeiros para voc\u00eas.<\/p>\n\n\n\n<p>Voc\u00eas n\u00e3o precisam se defender, se explicar ou se justificar para ningu\u00e9m. Voc\u00eas n\u00e3o precisam dar aten\u00e7\u00e3o a pessoas que n\u00e3o conseguem trat\u00e1-los bem. Voc\u00eas n\u00e3o precisam permanecer em situa\u00e7\u00f5es que n\u00e3o os animam.<\/p>\n\n\n\n<p>Sabemos que voc\u00ea n\u00e3o pode mudar tudo da noite para o dia, mas agora mesmo voc\u00ea pode admitir silenciosamente ao Criador as \u00e1reas em que deseja mudar.<\/p>\n\n\n\n<p>Voc\u00ea pode fechar os olhos e imaginar a vida pac\u00edfica que realmente deseja. Voc\u00ea pode acordar todas as manh\u00e3s decidido a abra\u00e7ar a aventura do dia e aproveit\u00e1-la ao m\u00e1ximo, independentemente do que vier ou de quem aprove.<\/p>\n\n\n\n<p>Voc\u00eas podem, queridos amigos, escolher \u2014 repetidamente \u2014 admitir seu valor, defender sua bondade sem defesas e permitir que o amor flua em sua vida\u2026 pois voc\u00eas s\u00e3o, e sempre foram, mais do que suficientes.<\/p>\n\n\n\n<p>Deus os aben\u00e7oe!<\/p>\n\n\n\n<p>N\u00f3s os amamos muito.<\/p>\n\n\n\n<p>~ Os Anjos<\/p>\n\n\n\n<p>Formata\u00e7\u00e3o e tradu\u00e7\u00e3o \u2013 Blog De Cora\u00e7\u00e3o a Cora\u00e7\u00e3o<\/p>\n\n\n\n<figure class=\"wp-block-embed\"><div class=\"wp-block-embed__wrapper\">\nhttp:\/\/www.decoracaoacoracao.blog.br\/\n<\/div><\/figure>\n\n\n\n<figure class=\"wp-block-embed\"><div class=\"wp-block-embed__wrapper\">\nhttp:\/\/stelalecocq.blogspot.com\n<\/div><\/figure>\n\n\n\n<figure class=\"wp-block-embed\"><div class=\"wp-block-embed__wrapper\">\nhttps:\/\/lecocq.wordpress.com\n<\/div><\/figure>\n\n\n\n<p>Instagram \u2013 @blogdecoracaoacoracao<\/p>\n\n\n\n<p>Informa\u00e7\u00f5es e Agendamentos para Mesa Qu\u00e2ntica Estelar, Mesa Pet, Mesa Qu\u00e2ntica 2.0, Florais de Bach, Sistema Regenerador Ashtariano, Sistema Arcturiano de Cura Multidimensional \u2013 lecocqmuller@gmail.com<\/p>\n\n\n\n<p>E-book \u201cMensagens dos Mestres \u2013 De Cora\u00e7\u00e3o a Cora\u00e7\u00e3o\u201d \u2013 https:\/\/mensagensdosmestres.blogspot.com\/<\/p>\n\n\n\n<figure class=\"wp-block-embed is-type-wp-embed is-provider-ann-albers-visions-of-heaven wp-block-embed-ann-albers-visions-of-heaven\"><div class=\"wp-block-embed__wrapper\">\n<blockquote class=\"wp-embedded-content\" data-secret=\"hIyKaHv3tF\"><a href=\"https:\/\/www.visionsofheaven.com\/\">Home<\/a><\/blockquote><iframe class=\"wp-embedded-content\" sandbox=\"allow-scripts\" security=\"restricted\" style=\"position: absolute; clip: rect(1px, 1px, 1px, 1px);\" title=\"&#8220;Home&#8221; &#8212; Ann Albers Visions of  Heaven\" src=\"https:\/\/www.visionsofheaven.com\/embed#?secret=HWv7SApyaK#?secret=hIyKaHv3tF\" data-secret=\"hIyKaHv3tF\" width=\"600\" height=\"338\" frameborder=\"0\" marginwidth=\"0\" marginheight=\"0\" scrolling=\"no\"><\/iframe>\n<\/div><\/figure>\n\n\n\n<p>Respeite todos os cr\u00e9ditos ao compartilhar<\/p>\n\n\n\n<p>LUZ!<\/p>\n\n\n\n<p>STELA<\/p>\n","protected":false},"excerpt":{"rendered":"<p>Mensagem dos Anjos Atrav\u00e9s de Ann Albers IMAGINEM SEU MUNDO\u2026 continua\u00e7\u00e3o Perdoe-os. Eles n\u00e3o sabiam o que faziam. E perdoe a si mesmo por carregar a dor deles muito al\u00e9m dos momentos, anos ou d\u00e9cadas em que ela foi sentida. E ent\u00e3o perceba que o perd\u00e3o nem \u00e9 necess\u00e1rio. Tudo o que \u00e9 necess\u00e1rio para [&hellip;]<\/p>\n","protected":false},"author":1,"featured_media":0,"comment_status":"open","ping_status":"open","sticky":false,"template":"","format":"standard","meta":{"_mi_skip_tracking":false},"categories":[3],"tags":[],"_links":{"self":[{"href":"https:\/\/www.miguelfaccio.com.br\/blog\/index.php\/wp-json\/wp\/v2\/posts\/19879"}],"collection":[{"href":"https:\/\/www.miguelfaccio.com.br\/blog\/index.php\/wp-json\/wp\/v2\/posts"}],"about":[{"href":"https:\/\/www.miguelfaccio.com.br\/blog\/index.php\/wp-json\/wp\/v2\/types\/post"}],"author":[{"embeddable":true,"href":"https:\/\/www.miguelfaccio.com.br\/blog\/index.php\/wp-json\/wp\/v2\/users\/1"}],"replies":[{"embeddable":true,"href":"https:\/\/www.miguelfaccio.com.br\/blog\/index.php\/wp-json\/wp\/v2\/comments?post=19879"}],"version-history":[{"count":1,"href":"https:\/\/www.miguelfaccio.com.br\/blog\/index.php\/wp-json\/wp\/v2\/posts\/19879\/revisions"}],"predecessor-version":[{"id":19880,"href":"https:\/\/www.miguelfaccio.com.br\/blog\/index.php\/wp-json\/wp\/v2\/posts\/19879\/revisions\/19880"}],"wp:attachment":[{"href":"https:\/\/www.miguelfaccio.com.br\/blog\/index.php\/wp-json\/wp\/v2\/media?parent=19879"}],"wp:term":[{"taxonomy":"category","embeddable":true,"href":"https:\/\/www.miguelfaccio.com.br\/blog\/index.php\/wp-json\/wp\/v2\/categories?post=19879"},{"taxonomy":"post_tag","embeddable":true,"href":"https:\/\/www.miguelfaccio.com.br\/blog\/index.php\/wp-json\/wp\/v2\/tags?post=19879"}],"curies":[{"name":"wp","href":"https:\/\/api.w.org\/{rel}","templated":true}]}}