{"id":19877,"date":"2025-09-09T08:36:23","date_gmt":"2025-09-09T11:36:23","guid":{"rendered":"https:\/\/www.miguelfaccio.com.br\/blog\/?p=19877"},"modified":"2025-09-09T08:36:26","modified_gmt":"2025-09-09T11:36:26","slug":"plv4214-livro-28-diario-02-04-2023","status":"publish","type":"post","link":"https:\/\/www.miguelfaccio.com.br\/blog\/index.php\/plv4214-livro-28-diario-02-04-2023\/","title":{"rendered":"PLV4214 \u2013 Livro 28 \u2013 Di\u00e1rio, 02\/04\/2023"},"content":{"rendered":"\n<p class=\"has-text-align-right\"><strong>02\/04\/2023<\/strong><\/p>\n\n\n\n<p>Considera-se a vida no corpo f\u00edsico somente do nascimento \u00e0 morte. H\u00e1 um per\u00edodo em que n\u00e3o se conta e que \u00e9 importante tamb\u00e9m para o esp\u00edrito. O per\u00edodo em que est\u00e1 estruturando seu corpo f\u00edsico, de acordo com o projeto de reencarna\u00e7\u00e3o elaborado pelo Conselho C\u00e1rmico. Dentro desta primeira perspectiva, estou completando 79 anos. Bem vividos, com experi\u00eancias as mais variadas poss\u00edvel. Tenho tido problemas, mas quem n\u00e3o os tem, mas nada que possa ter atrapalhado a viv\u00eancia diuturna. H\u00e1 bastante tempo j\u00e1 pensava, balanceando essa minha vida. A conclus\u00e3o, quase sempre \u00e9 que fui preparado para a eclos\u00e3o do Miguel ap\u00f3s 2009, onde foi o estopim do acordar disto tudo que tenho feito at\u00e9 agora. Com distor\u00e7\u00f5es da sequ\u00eancia, mas sempre tentando retornar \u00e0 normalidade da vida que vivia em Passo Fundo. Minha agilidade mental \u00e9 que me possibilitou levantar objetivos, que guarnecidos pela egr\u00e9gora formada ao meu redor, muita coisa fora elaborada, especialmente no per\u00edodo da terapia hol\u00edstica em benef\u00edcio de nossos irm\u00e3os do outro lado da vida. Tudo, n\u00e3o seria poss\u00edvel sem o concurso de meu \u201cEU SOU\u201d, meu Deus interior, que \u00e9 quem gabarita nossos atos quando elaborados pelo consciente exterior do corpo f\u00edsico. Quero aqui, dobrar meus joelhos inclinar minha cabe\u00e7a a esse Deus que est\u00e1 dentro de mim e dirigiu meus passos durante esses 79 anos de vida f\u00edsica.<\/p>\n","protected":false},"excerpt":{"rendered":"<p>02\/04\/2023 Considera-se a vida no corpo f\u00edsico somente do nascimento \u00e0 morte. H\u00e1 um per\u00edodo em que n\u00e3o se conta e que \u00e9 importante tamb\u00e9m para o esp\u00edrito. O per\u00edodo em que est\u00e1 estruturando seu corpo f\u00edsico, de acordo com o projeto de reencarna\u00e7\u00e3o elaborado pelo Conselho C\u00e1rmico. Dentro desta primeira perspectiva, estou completando 79 [&hellip;]<\/p>\n","protected":false},"author":1,"featured_media":0,"comment_status":"open","ping_status":"open","sticky":false,"template":"","format":"standard","meta":{"_mi_skip_tracking":false},"categories":[34],"tags":[],"_links":{"self":[{"href":"https:\/\/www.miguelfaccio.com.br\/blog\/index.php\/wp-json\/wp\/v2\/posts\/19877"}],"collection":[{"href":"https:\/\/www.miguelfaccio.com.br\/blog\/index.php\/wp-json\/wp\/v2\/posts"}],"about":[{"href":"https:\/\/www.miguelfaccio.com.br\/blog\/index.php\/wp-json\/wp\/v2\/types\/post"}],"author":[{"embeddable":true,"href":"https:\/\/www.miguelfaccio.com.br\/blog\/index.php\/wp-json\/wp\/v2\/users\/1"}],"replies":[{"embeddable":true,"href":"https:\/\/www.miguelfaccio.com.br\/blog\/index.php\/wp-json\/wp\/v2\/comments?post=19877"}],"version-history":[{"count":1,"href":"https:\/\/www.miguelfaccio.com.br\/blog\/index.php\/wp-json\/wp\/v2\/posts\/19877\/revisions"}],"predecessor-version":[{"id":19878,"href":"https:\/\/www.miguelfaccio.com.br\/blog\/index.php\/wp-json\/wp\/v2\/posts\/19877\/revisions\/19878"}],"wp:attachment":[{"href":"https:\/\/www.miguelfaccio.com.br\/blog\/index.php\/wp-json\/wp\/v2\/media?parent=19877"}],"wp:term":[{"taxonomy":"category","embeddable":true,"href":"https:\/\/www.miguelfaccio.com.br\/blog\/index.php\/wp-json\/wp\/v2\/categories?post=19877"},{"taxonomy":"post_tag","embeddable":true,"href":"https:\/\/www.miguelfaccio.com.br\/blog\/index.php\/wp-json\/wp\/v2\/tags?post=19877"}],"curies":[{"name":"wp","href":"https:\/\/api.w.org\/{rel}","templated":true}]}}