{"id":19873,"date":"2025-09-08T08:36:26","date_gmt":"2025-09-08T11:36:26","guid":{"rendered":"https:\/\/www.miguelfaccio.com.br\/blog\/?p=19873"},"modified":"2025-09-08T08:36:29","modified_gmt":"2025-09-08T11:36:29","slug":"plv4213-livro-28-diario-01-04-2023","status":"publish","type":"post","link":"https:\/\/www.miguelfaccio.com.br\/blog\/index.php\/plv4213-livro-28-diario-01-04-2023\/","title":{"rendered":"PLV4213 \u2013 Livro 28 \u2013 Di\u00e1rio, 01\/04\/2023"},"content":{"rendered":"\n<p class=\"has-text-align-right\"><strong>01\/04\/2023<\/strong><\/p>\n\n\n\n<p>A vida, propriamente sempre existiu, ela sempre esteve no Pai, no Deus Uno, tornou-se individualizada no momento em que Deus tomou essa parcela de si e tornou individualidade consciente. A partir dali, somos os respons\u00e1veis por ela. Agindo e interagindo na mat\u00e9ria para evolu\u00ed-la. \u00c9 nossa obriga\u00e7\u00e3o, pois \u00e9 o objetivo de nossa individualiza\u00e7\u00e3o. Na realidade, o dito de Deus \u00e0 Ad\u00e3o e Eva, \u201c<em>crescei e multiplicai-vos<\/em>\u201d, foi para cada individualidade criada. A \u00fanica coisa que recebemos de gra\u00e7a foi nossa individualidade e, a partir dali tudo o que conquistamos foi resultado de nosso esfor\u00e7o. N\u00f3s \u00e9 que temos que alcan\u00e7ar o reino dos c\u00e9us, isto \u00e9, a mestria, a ascens\u00e3o. O papel de Deus foi nos individualizar e o nosso papel \u00e9 evoluir, ascensionar para nos tornarmos novamente unos em pensamento, em palavras e em obras. A evolu\u00e7\u00e3o \u00e9 algo infinito, n\u00e3o tem fim, pode elevar-se bem acima da ascens\u00e3o, pode evoluir e tornar-se, em realidade, um Deus de uma parcela do universo, ou do pr\u00f3prio planeta. Assim como h\u00e1 Deuses de parcelas do planeta, os h\u00e1 de parcelas do sistema solar, bem como de gal\u00e1xias e gal\u00e1xias de gal\u00e1xias. Tudo leva \u00e0 evolu\u00e7\u00e3o e tudo tem um fim: retornar ao seio do Pai.<\/p>\n","protected":false},"excerpt":{"rendered":"<p>01\/04\/2023 A vida, propriamente sempre existiu, ela sempre esteve no Pai, no Deus Uno, tornou-se individualizada no momento em que Deus tomou essa parcela de si e tornou individualidade consciente. A partir dali, somos os respons\u00e1veis por ela. Agindo e interagindo na mat\u00e9ria para evolu\u00ed-la. \u00c9 nossa obriga\u00e7\u00e3o, pois \u00e9 o objetivo de nossa individualiza\u00e7\u00e3o. [&hellip;]<\/p>\n","protected":false},"author":1,"featured_media":0,"comment_status":"open","ping_status":"open","sticky":false,"template":"","format":"standard","meta":{"_mi_skip_tracking":false},"categories":[34],"tags":[],"_links":{"self":[{"href":"https:\/\/www.miguelfaccio.com.br\/blog\/index.php\/wp-json\/wp\/v2\/posts\/19873"}],"collection":[{"href":"https:\/\/www.miguelfaccio.com.br\/blog\/index.php\/wp-json\/wp\/v2\/posts"}],"about":[{"href":"https:\/\/www.miguelfaccio.com.br\/blog\/index.php\/wp-json\/wp\/v2\/types\/post"}],"author":[{"embeddable":true,"href":"https:\/\/www.miguelfaccio.com.br\/blog\/index.php\/wp-json\/wp\/v2\/users\/1"}],"replies":[{"embeddable":true,"href":"https:\/\/www.miguelfaccio.com.br\/blog\/index.php\/wp-json\/wp\/v2\/comments?post=19873"}],"version-history":[{"count":1,"href":"https:\/\/www.miguelfaccio.com.br\/blog\/index.php\/wp-json\/wp\/v2\/posts\/19873\/revisions"}],"predecessor-version":[{"id":19874,"href":"https:\/\/www.miguelfaccio.com.br\/blog\/index.php\/wp-json\/wp\/v2\/posts\/19873\/revisions\/19874"}],"wp:attachment":[{"href":"https:\/\/www.miguelfaccio.com.br\/blog\/index.php\/wp-json\/wp\/v2\/media?parent=19873"}],"wp:term":[{"taxonomy":"category","embeddable":true,"href":"https:\/\/www.miguelfaccio.com.br\/blog\/index.php\/wp-json\/wp\/v2\/categories?post=19873"},{"taxonomy":"post_tag","embeddable":true,"href":"https:\/\/www.miguelfaccio.com.br\/blog\/index.php\/wp-json\/wp\/v2\/tags?post=19873"}],"curies":[{"name":"wp","href":"https:\/\/api.w.org\/{rel}","templated":true}]}}