{"id":19866,"date":"2025-09-06T09:11:41","date_gmt":"2025-09-06T12:11:41","guid":{"rendered":"https:\/\/www.miguelfaccio.com.br\/blog\/?p=19866"},"modified":"2025-09-06T09:11:48","modified_gmt":"2025-09-06T12:11:48","slug":"rcd4157-raios-ou-chamas","status":"publish","type":"post","link":"https:\/\/www.miguelfaccio.com.br\/blog\/index.php\/rcd4157-raios-ou-chamas\/","title":{"rendered":"RCD4157 Raios ou Chamas"},"content":{"rendered":"\n<p class=\"has-text-align-right\"><strong>MENSAGENS DE JAV\u00e9<\/strong><\/p>\n\n\n\n<p>Nova mensagem&nbsp; marcio 04 setembro 2025 \u00e0(s) 20:12<\/p>\n\n\n\n<p>Boa noite Marcio!<\/p>\n\n\n\n<p>Boa noite.<\/p>\n\n\n\n<p>Marcio, voc\u00ea sabe que n\u00f3s do plano espiritual tamb\u00e9m estamos acompanhando o 3I Atlas de forma muito parecida como voc\u00eas est\u00e3o acompanhando.<\/p>\n\n\n\n<p>A diferen\u00e7a \u00e9 que n\u00f3s nos comunicamos mentalmente com as almas que est\u00e3o nesta nave.<\/p>\n\n\n\n<p>Respire profundamente que vou te contar algo que vai arrepiar seus cabelos.<\/p>\n\n\n\n<p>O 3I Atlas tem que passar pr\u00f3ximo da Terra, isto voc\u00eas j\u00e1 sabem, mas a uma distancia consider\u00e1vel.&nbsp;<\/p>\n\n\n\n<p>Porem o que voc\u00eas n\u00e3o sabem \u00e9 que ele vai mudar de rota e vai se dirigir para Terra.<\/p>\n\n\n\n<p>Compreendo o medo, mas n\u00e3o vai acontecer nada de ruim para voc\u00eas.<\/p>\n\n\n\n<p>Senhor, se n\u00e3o vai acontecer nada de ruim que mal h\u00e1 nisto?<\/p>\n\n\n\n<p>Quando ser\u00e1 esta aproxima\u00e7\u00e3o?<\/p>\n\n\n\n<p>Ser\u00e1 entre outubro e novembro de 2025.<\/p>\n\n\n\n<p>Que bom.<\/p>\n\n\n\n<p>Aproveito para agradecer a revela\u00e7\u00e3o, pois muitos ficar\u00e3o com medo aterrador quando isto acontecer.<\/p>\n\n\n\n<p>Com esta revela\u00e7\u00e3o espero que fiquem mais tranquilos.<\/p>\n\n\n\n<p>Muito embora quase ningu\u00e9m acredita em mim.<\/p>\n\n\n\n<p>E para quem acha que eu gostaria que acreditem em mim, est\u00e3o enganados.<\/p>\n\n\n\n<p>N\u00e3o tenho tal pretens\u00e3o.<\/p>\n\n\n\n<p>Jesus j\u00e1 revelou tudo no passado quando disse, Eu sou o caminho, a verdade e a vida.<\/p>\n\n\n\n<p>Leiam Matheus, s\u00e3o poucas paginas da B\u00edblia com muito ensinamento.<\/p>\n\n\n\n<p>Fiquem com Deus.<\/p>\n","protected":false},"excerpt":{"rendered":"<p>MENSAGENS DE JAV\u00e9 Nova mensagem&nbsp; marcio 04 setembro 2025 \u00e0(s) 20:12 Boa noite Marcio! Boa noite. Marcio, voc\u00ea sabe que n\u00f3s do plano espiritual tamb\u00e9m estamos acompanhando o 3I Atlas de forma muito parecida como voc\u00eas est\u00e3o acompanhando. A diferen\u00e7a \u00e9 que n\u00f3s nos comunicamos mentalmente com as almas que est\u00e3o nesta nave. Respire profundamente [&hellip;]<\/p>\n","protected":false},"author":1,"featured_media":0,"comment_status":"open","ping_status":"open","sticky":false,"template":"","format":"standard","meta":{"_mi_skip_tracking":false},"categories":[3],"tags":[],"_links":{"self":[{"href":"https:\/\/www.miguelfaccio.com.br\/blog\/index.php\/wp-json\/wp\/v2\/posts\/19866"}],"collection":[{"href":"https:\/\/www.miguelfaccio.com.br\/blog\/index.php\/wp-json\/wp\/v2\/posts"}],"about":[{"href":"https:\/\/www.miguelfaccio.com.br\/blog\/index.php\/wp-json\/wp\/v2\/types\/post"}],"author":[{"embeddable":true,"href":"https:\/\/www.miguelfaccio.com.br\/blog\/index.php\/wp-json\/wp\/v2\/users\/1"}],"replies":[{"embeddable":true,"href":"https:\/\/www.miguelfaccio.com.br\/blog\/index.php\/wp-json\/wp\/v2\/comments?post=19866"}],"version-history":[{"count":1,"href":"https:\/\/www.miguelfaccio.com.br\/blog\/index.php\/wp-json\/wp\/v2\/posts\/19866\/revisions"}],"predecessor-version":[{"id":19867,"href":"https:\/\/www.miguelfaccio.com.br\/blog\/index.php\/wp-json\/wp\/v2\/posts\/19866\/revisions\/19867"}],"wp:attachment":[{"href":"https:\/\/www.miguelfaccio.com.br\/blog\/index.php\/wp-json\/wp\/v2\/media?parent=19866"}],"wp:term":[{"taxonomy":"category","embeddable":true,"href":"https:\/\/www.miguelfaccio.com.br\/blog\/index.php\/wp-json\/wp\/v2\/categories?post=19866"},{"taxonomy":"post_tag","embeddable":true,"href":"https:\/\/www.miguelfaccio.com.br\/blog\/index.php\/wp-json\/wp\/v2\/tags?post=19866"}],"curies":[{"name":"wp","href":"https:\/\/api.w.org\/{rel}","templated":true}]}}