{"id":19861,"date":"2025-09-05T08:46:33","date_gmt":"2025-09-05T11:46:33","guid":{"rendered":"https:\/\/www.miguelfaccio.com.br\/blog\/?p=19861"},"modified":"2025-09-05T08:46:35","modified_gmt":"2025-09-05T11:46:35","slug":"rcd4156-raios-ou-chamas","status":"publish","type":"post","link":"https:\/\/www.miguelfaccio.com.br\/blog\/index.php\/rcd4156-raios-ou-chamas\/","title":{"rendered":"RCD4156 Raios ou Chamas"},"content":{"rendered":"\n<p class=\"has-text-align-right\"><strong>Mensagem de M\u00e3e Maria <br>Atrav\u00e9s de Jane Ribeiro<\/strong><\/p>\n\n\n\n<p>SEM JUSTI\u00c7A N\u00c3O H\u00c1 PAZ<\/p>\n\n\n\n<p>continua\u00e7\u00e3o<\/p>\n\n\n\n<p>Para que isso aconte\u00e7a, mister se faz que cada um de v\u00f3s primeiramente reconhe\u00e7a vossas m\u00e1scaras, para dissolv\u00ea-las definitivamente corrigindo, transmutando e limpando todas as pend\u00eancias que originaram seu surgimento, para que a densidade com que est\u00e1 revestido vosso corpo de luz de lugar a cristalinidade que torna iguais todos aqueles que perseveram no prop\u00f3sito de resgatar o para\u00edso na Terra.<\/p>\n\n\n\n<p>Sabeis j\u00e1 que este novo momentum por que passa vosso planeta, e todos v\u00f3s, exige o cumprimento do compromisso que assumistes ao encarnar, compromisso de resgatar a unidade com o Criador resgatando a unidade com todos os vossos irm\u00e3os, e com todos os reinos que compartilham convosco o planeta azul.<\/p>\n\n\n\n<p>Essa \u00e9 a tarefa que precisais concluir neste tempo.<\/p>\n\n\n\n<p>A unidade com o Pai se torna poss\u00edvel quando resgatais a unidade com vossa centelha divina, e isso exige reunificar vossos corpos, unindo vossas mentes com vossos cora\u00e7\u00f5es.<\/p>\n\n\n\n<p>A linguagem do ser que habita a Terra nesta nova idade do ouro \u00e9 a linguagem do amor.<\/p>\n\n\n\n<p>S\u00f3 colocando amor em vossos pensamentos, s\u00f3 reconhecendo amorosamente vossas faltas, s\u00f3 servindo com amor todos aqueles que precisam de v\u00f3s no dia a dia, \u00e9 que podereis voltar a ser uno com vosso Pai.<\/p>\n\n\n\n<p>\u00c9 hora, pois, de aproveitar este momento de transi\u00e7\u00e3o para buscar agir, pensar e sentir amorosamente, revelando compreens\u00e3o, expressando justi\u00e7a, buscando deixar florescer a paz em vosso corpo e mente, paz necess\u00e1ria para tornar poss\u00edvel a paz na Terra.<\/p>\n\n\n\n<p>O mundo se encaminha para exercitar a Justi\u00e7a Divina; sem justi\u00e7a n\u00e3o existe paz e sem paz n\u00e3o existe felicidade.<\/p>\n\n\n\n<p>Aproveitai, intensamente, este momentum que a vida vos oferece, amados, momento \u00fanico, momento em que as oportunidades de transpor o limite do mundo da ilus\u00e3o existe concretamente para todos os habitantes do vosso planeta.<\/p>\n\n\n\n<p>Conclui, pois, vosso trabalho individual, para que possais ser exemplos para muitos, exemplo de equil\u00edbrio, de fraternidade, de justi\u00e7a, alegria e amor, para que vossa M\u00e3e Terra e seus filhos possam se inserir, definitivamente, no mundo da verdade, no mundo onde n\u00e3o existe injusti\u00e7a, separa\u00e7\u00e3o, ego\u00edsmo, doen\u00e7a ou falta, o mundo que se encontra dispon\u00edvel para todos v\u00f3s.<\/p>\n\n\n\n<p>Bem-amados, que a vibra\u00e7\u00e3o de vossas ora\u00e7\u00f5es ajude a transmutar a densidade que ainda permeia muitos corpos, para que a luz se fa\u00e7a presente deixando refletir para cada um de v\u00f3s o corpo de luz da nova humanidade.<\/p>\n\n\n\n<p>Bem-amados, Eu vos deixo agora derramando sobre todos v\u00f3s as minhas b\u00ean\u00e7\u00e3os e envolvendo a todos no meu manto de prote\u00e7\u00e3o.<\/p>\n\n\n\n<p>~ Eu Sou Maria, Vossa M\u00e3e<\/p>\n\n\n\n<p>Formata\u00e7\u00e3o e tradu\u00e7\u00e3o \u2013 Blog De Cora\u00e7\u00e3o a Cora\u00e7\u00e3o<\/p>\n\n\n\n<figure class=\"wp-block-embed\"><div class=\"wp-block-embed__wrapper\">\nhttp:\/\/www.decoracaoacoracao.blog.br\/\n<\/div><\/figure>\n\n\n\n<figure class=\"wp-block-embed\"><div class=\"wp-block-embed__wrapper\">\nhttp:\/\/stelalecocq.blogspot.com\n<\/div><\/figure>\n\n\n\n<figure class=\"wp-block-embed\"><div class=\"wp-block-embed__wrapper\">\nhttps:\/\/lecocq.wordpress.com\n<\/div><\/figure>\n\n\n\n<p>Instagram \u2013 @blogdecoracaoacoracao<\/p>\n\n\n\n<p>Informa\u00e7\u00f5es e Agendamentos para Mesa Qu\u00e2ntica Estelar, Mesa Pet, Mesa Qu\u00e2ntica 2.0, Florais de Bach, Sistema Regenerador Ashtariano, Sistema Arcturiano de Cura Multidimensional \u2013 lecocqmuller@gmail.com<\/p>\n\n\n\n<p>E-book \u201cMensagens dos Mestres \u2013 De Cora\u00e7\u00e3o a Cora\u00e7\u00e3o\u201d \u2013 https:\/\/mensagensdosmestres.blogspot.com\/<\/p>\n\n\n\n<figure class=\"wp-block-embed\"><div class=\"wp-block-embed__wrapper\">\nhttps:\/\/bit.ly\/mensagensmaemaria\n<\/div><\/figure>\n\n\n\n<p>Respeite todos os cr\u00e9ditos ao compartilhar<\/p>\n\n\n\n<p>LUZ!<\/p>\n\n\n\n<p>STELA<\/p>\n","protected":false},"excerpt":{"rendered":"<p>Mensagem de M\u00e3e Maria Atrav\u00e9s de Jane Ribeiro SEM JUSTI\u00c7A N\u00c3O H\u00c1 PAZ continua\u00e7\u00e3o Para que isso aconte\u00e7a, mister se faz que cada um de v\u00f3s primeiramente reconhe\u00e7a vossas m\u00e1scaras, para dissolv\u00ea-las definitivamente corrigindo, transmutando e limpando todas as pend\u00eancias que originaram seu surgimento, para que a densidade com que est\u00e1 revestido vosso corpo de [&hellip;]<\/p>\n","protected":false},"author":1,"featured_media":0,"comment_status":"open","ping_status":"open","sticky":false,"template":"","format":"standard","meta":{"_mi_skip_tracking":false},"categories":[3],"tags":[],"_links":{"self":[{"href":"https:\/\/www.miguelfaccio.com.br\/blog\/index.php\/wp-json\/wp\/v2\/posts\/19861"}],"collection":[{"href":"https:\/\/www.miguelfaccio.com.br\/blog\/index.php\/wp-json\/wp\/v2\/posts"}],"about":[{"href":"https:\/\/www.miguelfaccio.com.br\/blog\/index.php\/wp-json\/wp\/v2\/types\/post"}],"author":[{"embeddable":true,"href":"https:\/\/www.miguelfaccio.com.br\/blog\/index.php\/wp-json\/wp\/v2\/users\/1"}],"replies":[{"embeddable":true,"href":"https:\/\/www.miguelfaccio.com.br\/blog\/index.php\/wp-json\/wp\/v2\/comments?post=19861"}],"version-history":[{"count":1,"href":"https:\/\/www.miguelfaccio.com.br\/blog\/index.php\/wp-json\/wp\/v2\/posts\/19861\/revisions"}],"predecessor-version":[{"id":19862,"href":"https:\/\/www.miguelfaccio.com.br\/blog\/index.php\/wp-json\/wp\/v2\/posts\/19861\/revisions\/19862"}],"wp:attachment":[{"href":"https:\/\/www.miguelfaccio.com.br\/blog\/index.php\/wp-json\/wp\/v2\/media?parent=19861"}],"wp:term":[{"taxonomy":"category","embeddable":true,"href":"https:\/\/www.miguelfaccio.com.br\/blog\/index.php\/wp-json\/wp\/v2\/categories?post=19861"},{"taxonomy":"post_tag","embeddable":true,"href":"https:\/\/www.miguelfaccio.com.br\/blog\/index.php\/wp-json\/wp\/v2\/tags?post=19861"}],"curies":[{"name":"wp","href":"https:\/\/api.w.org\/{rel}","templated":true}]}}