{"id":19857,"date":"2025-09-04T08:16:34","date_gmt":"2025-09-04T11:16:34","guid":{"rendered":"https:\/\/www.miguelfaccio.com.br\/blog\/?p=19857"},"modified":"2025-09-04T08:16:37","modified_gmt":"2025-09-04T11:16:37","slug":"rcd4155-raios-ou-chamas","status":"publish","type":"post","link":"https:\/\/www.miguelfaccio.com.br\/blog\/index.php\/rcd4155-raios-ou-chamas\/","title":{"rendered":"RCD4155 Raios ou Chamas"},"content":{"rendered":"\n<p class=\"has-text-align-right\"><strong>Mensagem de M\u00e3e Maria <br>Atrav\u00e9s de Jane Ribeiro<\/strong><\/p>\n\n\n\n<p>SEM JUSTI\u00c7A N\u00c3O H\u00c1 PAZ<\/p>\n\n\n\n<p>18 de agosto de 2025<\/p>\n\n\n\n<p>Amados filhos,<\/p>\n\n\n\n<p>Que as b\u00ean\u00e7\u00e3os do Amor Tragam Paz Aos Vossos Corpos, mentes e cora\u00e7\u00f5es<\/p>\n\n\n\n<p>\u00c1rdua \u00e9 a busca da verdade!<\/p>\n\n\n\n<p>Quantos bloqueios, quantos preconceitos, quanta ilus\u00e3o permeia vosso ser servindo de obst\u00e1culo para que a verdade resplande\u00e7a soberana.<\/p>\n\n\n\n<p>Porque \u00e9 t\u00e3o importante resgatar a verdade, por que ansiais tanto pela verdade?<\/p>\n\n\n\n<p>Para que possais reconhecer tudo aquilo que precisa ser, ainda, corrigido em vossas vidas.<\/p>\n\n\n\n<p>Vossa meta \u00e9 consolidar a luz em vossas vidas, e em vosso planeta, e para tornar realidade esse intento faz-se mister que o verdadeiro ser que sois ressurja, sem qualquer m\u00e1cula, para possibilitar a uni\u00e3o de todos os filhos da Terra.<\/p>\n\n\n\n<p>Sabeis que sois todos irm\u00e3os, sim, j\u00e1 sabeis, mas reconhecer a todos como irm\u00e3os ainda \u00e9 um objetivo a alcan\u00e7ar.<\/p>\n\n\n\n<p>Como reconhecer algu\u00e9m como irm\u00e3os quando ele se apresenta camuflado com in\u00fameras vestimentas que n\u00e3o conseguis identificar?<\/p>\n\n\n\n<p>\u00c9 preciso, pois, que v\u00f3s, e cada filho da Terra, dissolvam suas in\u00fameras m\u00e1scaras, deixando revelar a verdadeira face do filho de Deus que escolheu encarnar nesse planeta para merecer sua heran\u00e7a divina.<\/p>\n\n\n\n<p>continua<\/p>\n","protected":false},"excerpt":{"rendered":"<p>Mensagem de M\u00e3e Maria Atrav\u00e9s de Jane Ribeiro SEM JUSTI\u00c7A N\u00c3O H\u00c1 PAZ 18 de agosto de 2025 Amados filhos, Que as b\u00ean\u00e7\u00e3os do Amor Tragam Paz Aos Vossos Corpos, mentes e cora\u00e7\u00f5es \u00c1rdua \u00e9 a busca da verdade! Quantos bloqueios, quantos preconceitos, quanta ilus\u00e3o permeia vosso ser servindo de obst\u00e1culo para que a verdade [&hellip;]<\/p>\n","protected":false},"author":1,"featured_media":0,"comment_status":"open","ping_status":"open","sticky":false,"template":"","format":"standard","meta":{"_mi_skip_tracking":false},"categories":[3],"tags":[],"_links":{"self":[{"href":"https:\/\/www.miguelfaccio.com.br\/blog\/index.php\/wp-json\/wp\/v2\/posts\/19857"}],"collection":[{"href":"https:\/\/www.miguelfaccio.com.br\/blog\/index.php\/wp-json\/wp\/v2\/posts"}],"about":[{"href":"https:\/\/www.miguelfaccio.com.br\/blog\/index.php\/wp-json\/wp\/v2\/types\/post"}],"author":[{"embeddable":true,"href":"https:\/\/www.miguelfaccio.com.br\/blog\/index.php\/wp-json\/wp\/v2\/users\/1"}],"replies":[{"embeddable":true,"href":"https:\/\/www.miguelfaccio.com.br\/blog\/index.php\/wp-json\/wp\/v2\/comments?post=19857"}],"version-history":[{"count":1,"href":"https:\/\/www.miguelfaccio.com.br\/blog\/index.php\/wp-json\/wp\/v2\/posts\/19857\/revisions"}],"predecessor-version":[{"id":19858,"href":"https:\/\/www.miguelfaccio.com.br\/blog\/index.php\/wp-json\/wp\/v2\/posts\/19857\/revisions\/19858"}],"wp:attachment":[{"href":"https:\/\/www.miguelfaccio.com.br\/blog\/index.php\/wp-json\/wp\/v2\/media?parent=19857"}],"wp:term":[{"taxonomy":"category","embeddable":true,"href":"https:\/\/www.miguelfaccio.com.br\/blog\/index.php\/wp-json\/wp\/v2\/categories?post=19857"},{"taxonomy":"post_tag","embeddable":true,"href":"https:\/\/www.miguelfaccio.com.br\/blog\/index.php\/wp-json\/wp\/v2\/tags?post=19857"}],"curies":[{"name":"wp","href":"https:\/\/api.w.org\/{rel}","templated":true}]}}