{"id":19855,"date":"2025-09-04T08:13:15","date_gmt":"2025-09-04T11:13:15","guid":{"rendered":"https:\/\/www.miguelfaccio.com.br\/blog\/?p=19855"},"modified":"2025-09-04T08:13:17","modified_gmt":"2025-09-04T11:13:17","slug":"plv4210-livro-28-diario-28-03-2023","status":"publish","type":"post","link":"https:\/\/www.miguelfaccio.com.br\/blog\/index.php\/plv4210-livro-28-diario-28-03-2023\/","title":{"rendered":"PLV4210 \u2013 Livro 28 \u2013 Di\u00e1rio, 28\/03\/2023"},"content":{"rendered":"\n<p class=\"has-text-align-right\"><strong>28\/03\/2023<\/strong><\/p>\n\n\n\n<p>As cria\u00e7\u00f5es de cada indiv\u00edduo forma aquilo que ele \u00e9, da mesma forma que as cria\u00e7\u00f5es de todas as individualidades de um planeta formam as condi\u00e7\u00f5es do planeta. Este est\u00e1 sendo o pior problema da humanidade do planeta Terra. O planeta est\u00e1 tendo que exorcizar tanta insanidade que quase n\u00e3o lhe sobra espa\u00e7o para gerir sua subida para a quinta dimens\u00e3o. Tudo o que foi criado pelas humanidades, est\u00e3o no universo, no astral para seu devido resgate, e este est\u00e1 se tornando mais pesado pela consci\u00eancia, pelo conhecimento de ser algo errado e mesmo assim \u00e9 feito. Tornando-se culp\u00e1vel duplamente. Por saber que \u00e9 errado e mesmo assim faz. \u00c9 aquele tipo de indiv\u00edduo que n\u00e3o se importa com as consequ\u00eancias, contanto que lhe satisfa\u00e7a o orgulho, o ego e lhe traga os bolsos cheios. No resto, sequer acredita em futuro, em continua\u00e7\u00e3o da vida. N\u00e3o tem perspectivas para aquilo que \u00e9, se sabe quem realmente \u00e9 essa dualidade vivente sobre o planeta. Faz quest\u00e3o de s\u00f3 se envolver com as coisas materiais, tendo essas em abund\u00e2ncia nada mais lhe parece precisar. S\u00e3o os reais cavalos de batalha das sombras, que por onde passam, exalam a escurid\u00e3o.<\/p>\n","protected":false},"excerpt":{"rendered":"<p>28\/03\/2023 As cria\u00e7\u00f5es de cada indiv\u00edduo forma aquilo que ele \u00e9, da mesma forma que as cria\u00e7\u00f5es de todas as individualidades de um planeta formam as condi\u00e7\u00f5es do planeta. Este est\u00e1 sendo o pior problema da humanidade do planeta Terra. O planeta est\u00e1 tendo que exorcizar tanta insanidade que quase n\u00e3o lhe sobra espa\u00e7o para [&hellip;]<\/p>\n","protected":false},"author":1,"featured_media":0,"comment_status":"open","ping_status":"open","sticky":false,"template":"","format":"standard","meta":{"_mi_skip_tracking":false},"categories":[34],"tags":[],"_links":{"self":[{"href":"https:\/\/www.miguelfaccio.com.br\/blog\/index.php\/wp-json\/wp\/v2\/posts\/19855"}],"collection":[{"href":"https:\/\/www.miguelfaccio.com.br\/blog\/index.php\/wp-json\/wp\/v2\/posts"}],"about":[{"href":"https:\/\/www.miguelfaccio.com.br\/blog\/index.php\/wp-json\/wp\/v2\/types\/post"}],"author":[{"embeddable":true,"href":"https:\/\/www.miguelfaccio.com.br\/blog\/index.php\/wp-json\/wp\/v2\/users\/1"}],"replies":[{"embeddable":true,"href":"https:\/\/www.miguelfaccio.com.br\/blog\/index.php\/wp-json\/wp\/v2\/comments?post=19855"}],"version-history":[{"count":1,"href":"https:\/\/www.miguelfaccio.com.br\/blog\/index.php\/wp-json\/wp\/v2\/posts\/19855\/revisions"}],"predecessor-version":[{"id":19856,"href":"https:\/\/www.miguelfaccio.com.br\/blog\/index.php\/wp-json\/wp\/v2\/posts\/19855\/revisions\/19856"}],"wp:attachment":[{"href":"https:\/\/www.miguelfaccio.com.br\/blog\/index.php\/wp-json\/wp\/v2\/media?parent=19855"}],"wp:term":[{"taxonomy":"category","embeddable":true,"href":"https:\/\/www.miguelfaccio.com.br\/blog\/index.php\/wp-json\/wp\/v2\/categories?post=19855"},{"taxonomy":"post_tag","embeddable":true,"href":"https:\/\/www.miguelfaccio.com.br\/blog\/index.php\/wp-json\/wp\/v2\/tags?post=19855"}],"curies":[{"name":"wp","href":"https:\/\/api.w.org\/{rel}","templated":true}]}}