{"id":19849,"date":"2025-09-02T10:26:43","date_gmt":"2025-09-02T13:26:43","guid":{"rendered":"https:\/\/www.miguelfaccio.com.br\/blog\/?p=19849"},"modified":"2025-09-02T10:26:47","modified_gmt":"2025-09-02T13:26:47","slug":"rcd4153-raios-ou-chamas","status":"publish","type":"post","link":"https:\/\/www.miguelfaccio.com.br\/blog\/index.php\/rcd4153-raios-ou-chamas\/","title":{"rendered":"RCD4153 Raios ou Chamas"},"content":{"rendered":"\n<p class=\"has-text-align-right\"><strong>O Conselho Arcturiano da 9D <br>Atrav\u00e9s de Daniel Scranton<\/strong><\/p>\n\n\n\n<p>UM CONVITE DOS ARCTURIANOS<\/p>\n\n\n\n<p>18 de agosto de 2025<\/p>\n\n\n\n<p>Sauda\u00e7\u00f5es.<\/p>\n\n\n\n<p>N\u00f3s Somos O Conselho Arcturiano.<\/p>\n\n\n\n<p>\u00c9 um prazer conectar-nos com todos voc\u00eas.<\/p>\n\n\n\n<p>H\u00e1 algum tempo, convidamos todos voc\u00eas para se juntarem a n\u00f3s em um estado de frequ\u00eancia mais elevada. E, claro, muitos de voc\u00eas aceitaram nossos convites e vivem em um estado de frequ\u00eancia mais elevada na maior parte do tempo.<\/p>\n\n\n\n<p>Voc\u00eas sabem o quanto podem se sentir bem, e isso faz com que aqueles momentos em que n\u00e3o se sentem t\u00e3o bem se destaquem ainda mais para voc\u00eas.<\/p>\n\n\n\n<p>Lembrem-se de que voc\u00eas sempre t\u00eam a oportunidade de mudar. Voc\u00eas sempre podem se levar a um estado de vibra\u00e7\u00e3o mais elevada.<\/p>\n\n\n\n<p>Voc\u00eas t\u00eam o livre-arb\u00edtrio para fazer isso e, quando exercem esse livre-arb\u00edtrio para escolher se colocar em um estado de vibra\u00e7\u00e3o mais elevada, conseguem faz\u00ea-lo na maior parte do tempo. \u00c9 realmente simples assim.<\/p>\n\n\n\n<p>Voc\u00ea tem que fazer uma escolha. Porque se n\u00e3o fizer, ent\u00e3o o que est\u00e1 acontecendo ao seu redor, incluindo as escolhas que outras pessoas est\u00e3o fazendo, se tornar\u00e1 sua escolha.<\/p>\n\n\n\n<p>Voc\u00ea pode se colocar em uma configura\u00e7\u00e3o padr\u00e3o que diz que voc\u00ea vai se sentir como todos ao seu redor se sentem, e voc\u00ea vai seguir o seu exemplo sobre como se sentir pelo que est\u00e1 acontecendo ou n\u00e3o acontecendo em sua realidade.<\/p>\n\n\n\n<p>Lembre-se, sempre, que a realidade que voc\u00ea est\u00e1 vivenciando \u00e9 tempor\u00e1ria. Ent\u00e3o, mesmo que voc\u00ea n\u00e3o goste de algo sobre a realidade que est\u00e1 vivenciando, voc\u00ea \u00e0s vezes deve se lembrar de que \u00e9 tempor\u00e1rio e vai passar.<\/p>\n\n\n\n<p>continua<\/p>\n","protected":false},"excerpt":{"rendered":"<p>O Conselho Arcturiano da 9D Atrav\u00e9s de Daniel Scranton UM CONVITE DOS ARCTURIANOS 18 de agosto de 2025 Sauda\u00e7\u00f5es. N\u00f3s Somos O Conselho Arcturiano. \u00c9 um prazer conectar-nos com todos voc\u00eas. H\u00e1 algum tempo, convidamos todos voc\u00eas para se juntarem a n\u00f3s em um estado de frequ\u00eancia mais elevada. E, claro, muitos de voc\u00eas aceitaram [&hellip;]<\/p>\n","protected":false},"author":1,"featured_media":0,"comment_status":"open","ping_status":"open","sticky":false,"template":"","format":"standard","meta":{"_mi_skip_tracking":false},"categories":[3],"tags":[],"_links":{"self":[{"href":"https:\/\/www.miguelfaccio.com.br\/blog\/index.php\/wp-json\/wp\/v2\/posts\/19849"}],"collection":[{"href":"https:\/\/www.miguelfaccio.com.br\/blog\/index.php\/wp-json\/wp\/v2\/posts"}],"about":[{"href":"https:\/\/www.miguelfaccio.com.br\/blog\/index.php\/wp-json\/wp\/v2\/types\/post"}],"author":[{"embeddable":true,"href":"https:\/\/www.miguelfaccio.com.br\/blog\/index.php\/wp-json\/wp\/v2\/users\/1"}],"replies":[{"embeddable":true,"href":"https:\/\/www.miguelfaccio.com.br\/blog\/index.php\/wp-json\/wp\/v2\/comments?post=19849"}],"version-history":[{"count":1,"href":"https:\/\/www.miguelfaccio.com.br\/blog\/index.php\/wp-json\/wp\/v2\/posts\/19849\/revisions"}],"predecessor-version":[{"id":19850,"href":"https:\/\/www.miguelfaccio.com.br\/blog\/index.php\/wp-json\/wp\/v2\/posts\/19849\/revisions\/19850"}],"wp:attachment":[{"href":"https:\/\/www.miguelfaccio.com.br\/blog\/index.php\/wp-json\/wp\/v2\/media?parent=19849"}],"wp:term":[{"taxonomy":"category","embeddable":true,"href":"https:\/\/www.miguelfaccio.com.br\/blog\/index.php\/wp-json\/wp\/v2\/categories?post=19849"},{"taxonomy":"post_tag","embeddable":true,"href":"https:\/\/www.miguelfaccio.com.br\/blog\/index.php\/wp-json\/wp\/v2\/tags?post=19849"}],"curies":[{"name":"wp","href":"https:\/\/api.w.org\/{rel}","templated":true}]}}