{"id":19847,"date":"2025-09-02T10:24:49","date_gmt":"2025-09-02T13:24:49","guid":{"rendered":"https:\/\/www.miguelfaccio.com.br\/blog\/?p=19847"},"modified":"2025-09-02T10:24:53","modified_gmt":"2025-09-02T13:24:53","slug":"plv4208-livro-28-diario-26-03-2023","status":"publish","type":"post","link":"https:\/\/www.miguelfaccio.com.br\/blog\/index.php\/plv4208-livro-28-diario-26-03-2023\/","title":{"rendered":"PLV4208 \u2013 Livro 28 \u2013 Di\u00e1rio, 26\/03\/2023"},"content":{"rendered":"\n<p class=\"has-text-align-right\"><strong>26\/03\/2023<\/strong><\/p>\n\n\n\n<p>Tudo o que sai, de cada um, a ele retorna. \u00c9 a Lei do C\u00edrculo, tamb\u00e9m chamada de a Lei do Retorno. Isto \u00e9 l\u00edquido e certo no universo. Tudo o que de n\u00f3s partir, quer seja por pensamentos, quer seja por palavras, quer seja por obras, retorna, muitas vezes no mesmo corpo, mas, \u00e0 princ\u00edpio, nos corpos posteriores do esp\u00edrito. O esp\u00edrito se torna o respons\u00e1vel por tudo o que o corpo fizer. Como o ressarcimento n\u00e3o \u00e9 gabaritado pelo corpo ou pelo esp\u00edrito, seu resgate estar\u00e1 sempre a cargo do Conselho C\u00e1rmico para determinar o que ir\u00e1 resgatar e quando ir\u00e1 resgatar. O certo \u00e9 que, para o esp\u00edrito poder ascensionar, ter\u00e1 que estar alvo como quando saiu das m\u00e3os do Criador. N\u00e3o pode apresentar sinal de sombras, s\u00f3 pode emitir luz, e, a intensidade dessa luz \u00e9 que determina a sua evolu\u00e7\u00e3o. Normalmente nos esquecemos que tudo, absolutamente tudo, \u00e9 luz. A partir do \u00e1tomo que \u00e9 formado por el\u00e9trons e, el\u00e9tron \u00e9 um ponto de luz e, tudo no universo \u00e9 formado de \u00e1tomos. Nossa vis\u00e3o \u00e9 obtusa demais para perceber a luz que os seres emitem. O pior \u00e9 que acreditamos demais naquilo que vemos, e, n\u00e3o temos consci\u00eancia das realidades que est\u00e3o a nossa volta. Aquilo que n\u00e3o vemos, precisa ser compensado pela nossa l\u00f3gica atrelada ao conhecimento para nos dar a condi\u00e7\u00e3o de entendimento, em primeiro lugar de n\u00f3s mesmos e depois pelo mundo que nos rodeia.<\/p>\n","protected":false},"excerpt":{"rendered":"<p>26\/03\/2023 Tudo o que sai, de cada um, a ele retorna. \u00c9 a Lei do C\u00edrculo, tamb\u00e9m chamada de a Lei do Retorno. Isto \u00e9 l\u00edquido e certo no universo. Tudo o que de n\u00f3s partir, quer seja por pensamentos, quer seja por palavras, quer seja por obras, retorna, muitas vezes no mesmo corpo, mas, [&hellip;]<\/p>\n","protected":false},"author":1,"featured_media":0,"comment_status":"open","ping_status":"open","sticky":false,"template":"","format":"standard","meta":{"_mi_skip_tracking":false},"categories":[34],"tags":[],"_links":{"self":[{"href":"https:\/\/www.miguelfaccio.com.br\/blog\/index.php\/wp-json\/wp\/v2\/posts\/19847"}],"collection":[{"href":"https:\/\/www.miguelfaccio.com.br\/blog\/index.php\/wp-json\/wp\/v2\/posts"}],"about":[{"href":"https:\/\/www.miguelfaccio.com.br\/blog\/index.php\/wp-json\/wp\/v2\/types\/post"}],"author":[{"embeddable":true,"href":"https:\/\/www.miguelfaccio.com.br\/blog\/index.php\/wp-json\/wp\/v2\/users\/1"}],"replies":[{"embeddable":true,"href":"https:\/\/www.miguelfaccio.com.br\/blog\/index.php\/wp-json\/wp\/v2\/comments?post=19847"}],"version-history":[{"count":1,"href":"https:\/\/www.miguelfaccio.com.br\/blog\/index.php\/wp-json\/wp\/v2\/posts\/19847\/revisions"}],"predecessor-version":[{"id":19848,"href":"https:\/\/www.miguelfaccio.com.br\/blog\/index.php\/wp-json\/wp\/v2\/posts\/19847\/revisions\/19848"}],"wp:attachment":[{"href":"https:\/\/www.miguelfaccio.com.br\/blog\/index.php\/wp-json\/wp\/v2\/media?parent=19847"}],"wp:term":[{"taxonomy":"category","embeddable":true,"href":"https:\/\/www.miguelfaccio.com.br\/blog\/index.php\/wp-json\/wp\/v2\/categories?post=19847"},{"taxonomy":"post_tag","embeddable":true,"href":"https:\/\/www.miguelfaccio.com.br\/blog\/index.php\/wp-json\/wp\/v2\/tags?post=19847"}],"curies":[{"name":"wp","href":"https:\/\/api.w.org\/{rel}","templated":true}]}}