{"id":19835,"date":"2025-08-30T08:58:35","date_gmt":"2025-08-30T11:58:35","guid":{"rendered":"https:\/\/www.miguelfaccio.com.br\/blog\/?p=19835"},"modified":"2025-08-30T08:58:38","modified_gmt":"2025-08-30T11:58:38","slug":"plv4205-livro-28-diario-23-03-2023","status":"publish","type":"post","link":"https:\/\/www.miguelfaccio.com.br\/blog\/index.php\/plv4205-livro-28-diario-23-03-2023\/","title":{"rendered":"PLV4205 \u2013 Livro 28 \u2013 Di\u00e1rio, 23\/03\/2023"},"content":{"rendered":"\n<p class=\"has-text-align-right\"><strong>23\/03\/2023<\/strong><\/p>\n\n\n\n<p>Parte da popula\u00e7\u00e3o da Terra est\u00e1 a caminho acelerado de uma evolu\u00e7\u00e3o, uma subida para a quinta dimens\u00e3o. Apesar de que boa parte continua chafurdando no lodo da ignom\u00ednia. Continuam atrelados \u00e0s sombras, que com seus cavalos de batalha, nada os impede de fazer o que bem entendem, n\u00e3o s\u00f3 como as riquezas da Terra, mas tamb\u00e9m com as pessoas que para si, s\u00e3o apenas mais um n\u00famero. N\u00e3o guardam remorso por haver destru\u00eddo pessoas, lan\u00e7ando-as na mais profunda mis\u00e9ria e incapacidade de se levantar. H\u00e1 um axioma que sempre \u00e9 repetido: \u201cA luz vencer\u00e1\u201d. Creio sim, que um dia ela reinar\u00e1 plena e altaneira sobre este planeta que est\u00e1 entrando na quinta dimens\u00e3o. A espera cansa. Aguardar o tempo que a vida em seus corpos se esgotem, \u00e9 mais cansativo, pois parece que seus corpos possuem vida em dobro. Estes, cada vez mais se tornam ousados, pois descobrem novas formas de usurpar aquilo que deveria pertencer \u00e0 uma comunidade, aos habitantes de uma na\u00e7\u00e3o. Sei muito bem que o que impera no andar de cima \u00e9 o livre-arb\u00edtrio. Mesmo sendo destes insanos, \u00e9 respeitado, mesmo tendo a necessidade de a ceifadeira passar-lhe pelos p\u00e9s, mas aguardam seu tempo prova\u00e7\u00e3o, que poder-se-ia chamar de usurpa\u00e7\u00e3o, termine conforme seu projeto de reencarne. O pior de tudo, parece que s\u00f3 terminar\u00e1 da pior forma poss\u00edvel, e alguns mestres do plano espiritual j\u00e1 falaram: atrav\u00e9s de bombas at\u00f4micas, que destruiria n\u00e3o somente o joio do trigo, mas a vida do planeta como a conhecemos.<\/p>\n","protected":false},"excerpt":{"rendered":"<p>23\/03\/2023 Parte da popula\u00e7\u00e3o da Terra est\u00e1 a caminho acelerado de uma evolu\u00e7\u00e3o, uma subida para a quinta dimens\u00e3o. Apesar de que boa parte continua chafurdando no lodo da ignom\u00ednia. Continuam atrelados \u00e0s sombras, que com seus cavalos de batalha, nada os impede de fazer o que bem entendem, n\u00e3o s\u00f3 como as riquezas da [&hellip;]<\/p>\n","protected":false},"author":1,"featured_media":0,"comment_status":"open","ping_status":"open","sticky":false,"template":"","format":"standard","meta":{"_mi_skip_tracking":false},"categories":[34],"tags":[],"_links":{"self":[{"href":"https:\/\/www.miguelfaccio.com.br\/blog\/index.php\/wp-json\/wp\/v2\/posts\/19835"}],"collection":[{"href":"https:\/\/www.miguelfaccio.com.br\/blog\/index.php\/wp-json\/wp\/v2\/posts"}],"about":[{"href":"https:\/\/www.miguelfaccio.com.br\/blog\/index.php\/wp-json\/wp\/v2\/types\/post"}],"author":[{"embeddable":true,"href":"https:\/\/www.miguelfaccio.com.br\/blog\/index.php\/wp-json\/wp\/v2\/users\/1"}],"replies":[{"embeddable":true,"href":"https:\/\/www.miguelfaccio.com.br\/blog\/index.php\/wp-json\/wp\/v2\/comments?post=19835"}],"version-history":[{"count":1,"href":"https:\/\/www.miguelfaccio.com.br\/blog\/index.php\/wp-json\/wp\/v2\/posts\/19835\/revisions"}],"predecessor-version":[{"id":19836,"href":"https:\/\/www.miguelfaccio.com.br\/blog\/index.php\/wp-json\/wp\/v2\/posts\/19835\/revisions\/19836"}],"wp:attachment":[{"href":"https:\/\/www.miguelfaccio.com.br\/blog\/index.php\/wp-json\/wp\/v2\/media?parent=19835"}],"wp:term":[{"taxonomy":"category","embeddable":true,"href":"https:\/\/www.miguelfaccio.com.br\/blog\/index.php\/wp-json\/wp\/v2\/categories?post=19835"},{"taxonomy":"post_tag","embeddable":true,"href":"https:\/\/www.miguelfaccio.com.br\/blog\/index.php\/wp-json\/wp\/v2\/tags?post=19835"}],"curies":[{"name":"wp","href":"https:\/\/api.w.org\/{rel}","templated":true}]}}